{"id":103179,"date":"2025-05-16T00:34:20","date_gmt":"2025-05-16T00:34:20","guid":{"rendered":"https:\/\/www.europesays.com\/fr\/103179\/"},"modified":"2025-05-16T00:34:20","modified_gmt":"2025-05-16T00:34:20","slug":"lacheteuse-caroline-pons-quitte-affaire-conclue-et-revele-les-raisons-de-son-depart-de-lemission-de-france-2","status":"publish","type":"post","link":"https:\/\/www.europesays.com\/fr\/103179\/","title":{"rendered":"L&rsquo;acheteuse Caroline Pons quitte Affaire conclue et r\u00e9v\u00e8le les raisons de son d\u00e9part de l&rsquo;\u00e9mission de France 2"},"content":{"rendered":"<p>Ce jeudi 15 mai, Caroline Pons a officiellement annonc\u00e9 son d\u00e9part d&rsquo;Affaire conclue, dans une publication Instagram. L&rsquo;acheteuse n&rsquo;\u00e9tait pas apparue dans l&rsquo;\u00e9mission depuis plusieurs semaines. <\/p>\n<p>Son absence n&rsquo;est pas pass\u00e9e inaper\u00e7ue&#8230; Depuis plusieurs semaines, les t\u00e9l\u00e9spectateurs d&rsquo;<a href=\"https:\/\/www.programme-tv.net\/news\/tv\/378395-surprise-caroline-margeridon-retrouve-les-autres-acheteurs-d-affaire-conclue-tres-tres-loin-du-plateau-de-l-emission\/\" data-api-deeplink=\"teleloisirs:\/\/news\/378395\" target=\"_blank\" rel=\"noopener\">Affaire conclue <\/a>ont remarqu\u00e9 que <a href=\"https:\/\/www.programme-tv.net\/news\/tv\/240993-caroline-pons-a-propos-de-son-achat-record-dans-affaire-conclue-pour-avoir-cette-piece-jetais-prete-a-monter-jusqua-20-000-euros\/\" data-api-deeplink=\"teleloisirs:\/\/news\/240993\" target=\"_blank\" rel=\"noopener\">Caroline Pons<\/a> ne r\u00e9pondait plus pr\u00e9sente sur le plateau de l&rsquo;\u00e9mission \u00e0 succ\u00e8s pr\u00e9sent\u00e9e par <a href=\"https:\/\/www.programme-tv.net\/news\/tv\/375748-le-reglement-me-linterdit-julia-vignali-evoque-cette-regle-daffaire-conclue-quelle-aimerait-bien-transgresser-video\/\" data-api-deeplink=\"teleloisirs:\/\/news\/375748\" target=\"_blank\" rel=\"noopener\">Julia Vignali.<\/a> Sur Instagram, les abonn\u00e9s de l&rsquo;acheteuse ont \u00e9t\u00e9 nombreux \u00e0 l&rsquo;interroger sur le sujet en commentaire de ses publications, mais la personnalit\u00e9 de France 2 a laiss\u00e9 planer le doute&#8230; Ce jeudi 15 mai, l&rsquo;antiquaire tr\u00e8s appr\u00e9ci\u00e9e des fans du programme a bris\u00e9 le silence et r\u00e9v\u00e8le avoir d\u00e9finitivement quitt\u00e9 l&rsquo;aventure Affaire conclue.<\/p>\n<p>\u00ab\u00a0Toute bonne chose a une fin\u00a0\u00bb : Caroline Pons quitte Affaire conclue<\/p>\n<p>\u00ab\u00a0Clap de tournage\u00a0\u00bb, \u00e9crit Caroline Pons sur Instagram, en l\u00e9gende d&rsquo;un selfie aux c\u00f4t\u00e9s de son cadreur. C&rsquo;est ainsi que l&rsquo;acheteuse d&rsquo;Affaire conclue a annonc\u00e9 son d\u00e9part de l&rsquo;\u00e9mission sur le r\u00e9seau social, o\u00f9 elle est suivie par pr\u00e8s de 40.000 personnes. La marchande d&rsquo;art explique : \u00ab\u00a0Et oui !!! Chut \u00e7a tourne ! Vous \u00eates nombreux \u00e0 m\u2019adresser des messages en me disant que je vous manque sur l\u2019\u00e9mission Affaire Conclue. Je vous remercie tr\u00e8s chaleureusement pour tous vos t\u00e9moignages que je re\u00e7ois quotidiennement. <b>J\u2019aimerais vous dire que toute bonne chose a une fin, et que c\u2019est le sens m\u00eame de toute \u00e9volution<\/b>\u00ab\u00a0. L&rsquo;acheteuse n&rsquo;appara\u00eetra donc plus aux c\u00f4t\u00e9s de ses pairs dans le programme de France 2.<\/p>\n<p>                        Caroline Pons d\u00e9voile ses projets apr\u00e8s Affaire conclue<\/p>\n<p>Si Caroline Pons a fait le choix de s&rsquo;\u00e9loigner du plateau de France 2, elle affirme qu&rsquo;elle souhaite se concentrer sur de nouveaux projets. Dans la m\u00eame publication Instagram, l&rsquo;antiquaire d\u00e9voile ce qui attend ses fans pour la suite : \u00ab\u00a0Mon emploi du temps est bien rempli, et les nouveaux projets sont nombreux. <b>De nouveaux tournages, un agrandissement de ma galerie \u00e0 Serpette, l\u2019ouverture d\u2019un show room dans l\u2019ouest parisien et bien s\u00fbr VOUS ! <\/b>Toujours plus nombreux \u00e0 me contacter, \u00e0 me proposer des objets \u00e0 acheter ou \u00e0 expertiser\u00a0\u00bb, avant de conclure : \u00ab\u00a0Alors oui, je m\u2019envole vers d\u2019autres horizons pour mon plus grand plaisir. Alors \u00e0 tr\u00e8s vite et \u00e0 nouveau MERCI \u00e0 vous\u00a0\u00bb. Les internautes n&rsquo;ont pas manqu\u00e9 de lui souhaiter le meilleur pour la suite : \u00ab\u00a0Beaucoup de succ\u00e8s Caroline pour les nouveaux projets\u00a0\u00bb, \u00e9crit l&rsquo;un d&rsquo;entre eux, tandis qu&rsquo;un autre commente : \u00ab\u00a0Je m\u2019en doutais depuis le temps que je ne vous voyais plus \u00e0 la t\u00e9l\u00e9. Tr\u00e8s triste de cette confirmation mais ravie de savoir que vous \u00eates heureuse dans vos nouvelles aventures, je continuerai \u00e0 vous suivre sur les r\u00e9seaux et je vous souhaite plein de bonheur\u00a0\u00bb.<\/p>\n<blockquote class=\"instagram-media\" data-instgrm-captioned=\"\" data-instgrm-permalink=\"https:\/\/www.instagram.com\/p\/DJrxMC7IO2G\/?utm_source=ig_embed&amp;utm_campaign=loading\" data-instgrm-version=\"14\" style=\" background:#FFF; border:0; border-radius:3px; box-shadow:0 0 1px 0 rgba(0,0,0,0.5),0 1px 10px 0 rgba(0,0,0,0.15); margin: 1px; max-width:658px; min-width:326px; padding:0; width:99.375%; width:-webkit-calc(100% - 2px); width:calc(100% - 2px);\"\/>\n<p>        <script async src=\"\/\/www.instagram.com\/embed.js\"><\/script><\/p>\n","protected":false},"excerpt":{"rendered":"Ce jeudi 15 mai, Caroline Pons a officiellement annonc\u00e9 son d\u00e9part d&rsquo;Affaire conclue, dans une publication Instagram. L&rsquo;acheteuse&hellip;\n","protected":false},"author":2,"featured_media":103180,"comment_status":"","ping_status":"","sticky":false,"template":"","format":"standard","meta":{"footnotes":""},"categories":[1356],"tags":[9885,21951,244,58,59,1011,27,252,9886,1364],"class_list":{"0":"post-103179","1":"post","2":"type-post","3":"status-publish","4":"format-standard","5":"has-post-thumbnail","7":"category-television","8":"tag-affaire-conclue","9":"tag-caroline-pons","10":"tag-commentaire","11":"tag-divertissement","12":"tag-entertainment","13":"tag-fr","14":"tag-france","15":"tag-television","16":"tag-tout-le-monde-a-quelque-chose-u00e0-vendre","17":"tag-tv"},"share_on_mastodon":{"url":"https:\/\/pubeurope.com\/@fr\/114514707304795224","error":""},"_links":{"self":[{"href":"https:\/\/www.europesays.com\/fr\/wp-json\/wp\/v2\/posts\/103179","targetHints":{"allow":["GET"]}}],"collection":[{"href":"https:\/\/www.europesays.com\/fr\/wp-json\/wp\/v2\/posts"}],"about":[{"href":"https:\/\/www.europesays.com\/fr\/wp-json\/wp\/v2\/types\/post"}],"author":[{"embeddable":true,"href":"https:\/\/www.europesays.com\/fr\/wp-json\/wp\/v2\/users\/2"}],"replies":[{"embeddable":true,"href":"https:\/\/www.europesays.com\/fr\/wp-json\/wp\/v2\/comments?post=103179"}],"version-history":[{"count":0,"href":"https:\/\/www.europesays.com\/fr\/wp-json\/wp\/v2\/posts\/103179\/revisions"}],"wp:featuredmedia":[{"embeddable":true,"href":"https:\/\/www.europesays.com\/fr\/wp-json\/wp\/v2\/media\/103180"}],"wp:attachment":[{"href":"https:\/\/www.europesays.com\/fr\/wp-json\/wp\/v2\/media?parent=103179"}],"wp:term":[{"taxonomy":"category","embeddable":true,"href":"https:\/\/www.europesays.com\/fr\/wp-json\/wp\/v2\/categories?post=103179"},{"taxonomy":"post_tag","embeddable":true,"href":"https:\/\/www.europesays.com\/fr\/wp-json\/wp\/v2\/tags?post=103179"}],"curies":[{"name":"wp","href":"https:\/\/api.w.org\/{rel}","templated":true}]}}