{"id":103194,"date":"2025-05-16T00:42:09","date_gmt":"2025-05-16T00:42:09","guid":{"rendered":"https:\/\/www.europesays.com\/fr\/103194\/"},"modified":"2025-05-16T00:42:09","modified_gmt":"2025-05-16T00:42:09","slug":"au-mexique-une-influenceuse-assassinee-lors-dun-direct-sur-tiktok-liberation","status":"publish","type":"post","link":"https:\/\/www.europesays.com\/fr\/103194\/","title":{"rendered":"au Mexique, une influenceuse assassin\u00e9e lors d\u2019un direct sur TikTok \u2013 Lib\u00e9ration"},"content":{"rendered":"<p class=\"sc-ksZaOG ehjQrN text-element\">Le nom de Valeria M\u00e1rquez s\u2019ajoute \u00e0 <a href=\"https:\/\/www.liberation.fr\/international\/amerique\/presidentielle-au-mexique-deux-candidates-au-pays-des-feminicides-20240308_THL6ZDTS4BD3HDDMAK6S7FHC2M\/\" target=\"_blank\" rel=\"nofollow noopener\" title=\"https:\/\/www.liberation.fr\/international\/amerique\/presidentielle-au-mexique-deux-candidates-au-pays-des-feminicides-20240308_THL6ZDTS4BD3HDDMAK6S7FHC2M\/\">la liste des victimes de f\u00e9minicides au Mexique.<\/a> L\u2019influenceuse aux 113 000 abonn\u00e9s sur TikTok a \u00e9t\u00e9 assassin\u00e9e mardi 13 mai alors qu\u2019elle diffusait une vid\u00e9o en direct. On la voit travailler dans un salon de beaut\u00e9 \u00e0 Zapopan, dans l\u2019Etat de Jalisco situ\u00e9 dans l\u2019ouest du Mexique. Sur ses genoux, elle tient un cochon en peluche rose.<\/p>\n<p class=\"sc-ksZaOG ehjQrN text-element\">Deux hommes \u00e0 moto s\u2019arr\u00eatent devant l\u2019\u00e9tablissement. L\u2019un d\u2019eux, masqu\u00e9, entre dans le magasin. Il demande \u00e0 la jeune femme si elle est bien Valeria M\u00e1rquez. \u00abOui\u00bb, r\u00e9pond-elle. L\u2019homme sort alors une arme, tire sur elle, remonte sur la moto, et s\u2019enfuit. Assise dans le salon, elle se serre la poitrine, puis le ventre, avant de s\u2019affaler sur sa chaise.<\/p>\n<p class=\"sc-ksZaOG ehjQrN text-element\">Lorsque les enqu\u00eateurs sont arriv\u00e9s, \u00abelle [\u00e9tait] toujours assise sur la chaise, o\u00f9 elle a \u00e9t\u00e9 surprise, avec cette poup\u00e9e, le petit cochon dans ses bras\u00bb, relate Denis Rodriguez, porte-parole du parquet de Jalisco. Selon lui, les assassins \u00abn\u2019avaient aucune relation personnelle\u00bb avec la victime. \u00abIls \u00e9taient simplement son bourreau.\u00bb<\/p>\n<p class=\"sc-ksZaOG ehjQrN text-element\">A la suite de l\u2019assassinat, le compte TikTok de Valeria M\u00e1r<\/p>\n","protected":false},"excerpt":{"rendered":"Le nom de Valeria M\u00e1rquez s\u2019ajoute \u00e0 la liste des victimes de f\u00e9minicides au Mexique. L\u2019influenceuse aux 113&hellip;\n","protected":false},"author":2,"featured_media":103195,"comment_status":"","ping_status":"","sticky":false,"template":"","format":"standard","meta":{"footnotes":""},"categories":[5],"tags":[11,21957,1011,27,14,5697,12,2439,797,28],"class_list":{"0":"post-103194","1":"post","2":"type-post","3":"status-publish","4":"format-standard","5":"has-post-thumbnail","7":"category-international","8":"tag-actualites","9":"tag-feminicides","10":"tag-fr","11":"tag-france","12":"tag-international","13":"tag-mexique","14":"tag-news","15":"tag-tiktok","16":"tag-violences-faites-aux-femmes","17":"tag-world"},"share_on_mastodon":{"url":"https:\/\/pubeurope.com\/@fr\/114514738951639931","error":""},"_links":{"self":[{"href":"https:\/\/www.europesays.com\/fr\/wp-json\/wp\/v2\/posts\/103194","targetHints":{"allow":["GET"]}}],"collection":[{"href":"https:\/\/www.europesays.com\/fr\/wp-json\/wp\/v2\/posts"}],"about":[{"href":"https:\/\/www.europesays.com\/fr\/wp-json\/wp\/v2\/types\/post"}],"author":[{"embeddable":true,"href":"https:\/\/www.europesays.com\/fr\/wp-json\/wp\/v2\/users\/2"}],"replies":[{"embeddable":true,"href":"https:\/\/www.europesays.com\/fr\/wp-json\/wp\/v2\/comments?post=103194"}],"version-history":[{"count":0,"href":"https:\/\/www.europesays.com\/fr\/wp-json\/wp\/v2\/posts\/103194\/revisions"}],"wp:featuredmedia":[{"embeddable":true,"href":"https:\/\/www.europesays.com\/fr\/wp-json\/wp\/v2\/media\/103195"}],"wp:attachment":[{"href":"https:\/\/www.europesays.com\/fr\/wp-json\/wp\/v2\/media?parent=103194"}],"wp:term":[{"taxonomy":"category","embeddable":true,"href":"https:\/\/www.europesays.com\/fr\/wp-json\/wp\/v2\/categories?post=103194"},{"taxonomy":"post_tag","embeddable":true,"href":"https:\/\/www.europesays.com\/fr\/wp-json\/wp\/v2\/tags?post=103194"}],"curies":[{"name":"wp","href":"https:\/\/api.w.org\/{rel}","templated":true}]}}