{"id":103203,"date":"2025-05-16T00:47:18","date_gmt":"2025-05-16T00:47:18","guid":{"rendered":"https:\/\/www.europesays.com\/fr\/103203\/"},"modified":"2025-05-16T00:47:18","modified_gmt":"2025-05-16T00:47:18","slug":"prevu-ce-vendredi-16-mai-le-concert-de-thomas-dutronc-est-reporte","status":"publish","type":"post","link":"https:\/\/www.europesays.com\/fr\/103203\/","title":{"rendered":"pr\u00e9vu ce vendredi 16\u00a0mai, le concert de Thomas Dutronc est report\u00e9"},"content":{"rendered":"<p>\u00c7a flottait dans l\u2019air\u2026 Depuis l\u2019annonce d\u2019un mouvement de <a href=\"https:\/\/www.estrepublicain.fr\/culture-loisirs\/2025\/05\/14\/greve-a-poirel-le-concert-de-thomas-dutronc-et-le-spectacle-de-constance-menaces\" target=\"_blank\" rel=\"noopener\">gr\u00e8ve \u00e0 la salle Poirel<\/a> , touchant des techniciens-r\u00e9gisseurs voulant que soit valoris\u00e9e, aussi, leur mission s\u00e9curit\u00e9, les concerts et autres spectacles pr\u00e9vus en cette fin de semaine \u00e9taient en sursis.<\/p>\n<p>La nouvelle est tomb\u00e9e ce jeudi apr\u00e8s-midi 15\u00a0mai. Le concert de Thomas Dutronc, programm\u00e9 ce vendredi 16\u00a0mai, est report\u00e9 au jeudi 22\u00a0janvier\u00a02026. \u00ab\u00a0En raison du mouvement de gr\u00e8ve en cours au sein des \u00e9quipes techniques de la salle Poirel, nous sommes malheureusement contraints de reporter le concert de <a href=\"https:\/\/www.estrepublicain.fr\/pour-sortir\/loisirs\/Concert-musique\/Chanson-variete\/Lorraine\/Meurthe-et-moselle\/Nancy\/2025\/05\/16\/Thomas-dutronc\" target=\"_blank\" rel=\"noopener\">Thomas Dutronc<\/a> , initialement pr\u00e9vu le vendredi 16\u00a0mai\u00a02025. Les billets restent valables pour cette nouvelle date. Si vous n\u2019\u00eates pas en mesure d\u2019y assister, vous pouvez demander un remboursement aupr\u00e8s de votre point de vente\u00a0\u00bb, annoncent les <a href=\"https:\/\/www.estrepublicain.fr\/culture-loisirs\/2023\/03\/03\/frederic-saint-dizier-le-maitre-enchanteur-de-label-ln\" target=\"_blank\" rel=\"noopener\">Productions Label LN<\/a>.<\/p>\n<p>Quid de Constance, pr\u00e9vue ce samedi\u00a0? \u00ab\u00a0Concernant la date de Constance de ce samedi 17\u00a0mai, et qui est \u00e9galement menac\u00e9e par ce mouvement de gr\u00e8ve, nous serons en mesure, ce vendredi 16\u00a0mai en d\u00e9but d\u2019apr\u00e8s-midi, d\u2019indiquer la d\u00e9cision de maintien ou de report de ce spectacle.\u00a0\u00bb<\/p>\n","protected":false},"excerpt":{"rendered":"\u00c7a flottait dans l\u2019air\u2026 Depuis l\u2019annonce d\u2019un mouvement de gr\u00e8ve \u00e0 la salle Poirel , touchant des techniciens-r\u00e9gisseurs&hellip;\n","protected":false},"author":2,"featured_media":103204,"comment_status":"","ping_status":"","sticky":false,"template":"","format":"standard","meta":{"footnotes":""},"categories":[9635],"tags":[1111,11,1687,1704,1777,674,1011,27,775,873,1702,1703,12,3456,25,3140],"class_list":{"0":"post-103203","1":"post","2":"type-post","3":"status-publish","4":"format-standard","5":"has-post-thumbnail","7":"category-nancy","8":"tag-actu","9":"tag-actualites","10":"tag-culture-loisirs","11":"tag-edition-nancy-et-agglomeration","12":"tag-eu","13":"tag-europe","14":"tag-fr","15":"tag-france","16":"tag-grand-est","17":"tag-musique","18":"tag-nancy","19":"tag-nancy-ville-54b","20":"tag-news","21":"tag-region-lorraine","22":"tag-republique-francaise","23":"tag-spectacle"},"share_on_mastodon":{"url":"https:\/\/pubeurope.com\/@fr\/114514758569381496","error":""},"_links":{"self":[{"href":"https:\/\/www.europesays.com\/fr\/wp-json\/wp\/v2\/posts\/103203","targetHints":{"allow":["GET"]}}],"collection":[{"href":"https:\/\/www.europesays.com\/fr\/wp-json\/wp\/v2\/posts"}],"about":[{"href":"https:\/\/www.europesays.com\/fr\/wp-json\/wp\/v2\/types\/post"}],"author":[{"embeddable":true,"href":"https:\/\/www.europesays.com\/fr\/wp-json\/wp\/v2\/users\/2"}],"replies":[{"embeddable":true,"href":"https:\/\/www.europesays.com\/fr\/wp-json\/wp\/v2\/comments?post=103203"}],"version-history":[{"count":0,"href":"https:\/\/www.europesays.com\/fr\/wp-json\/wp\/v2\/posts\/103203\/revisions"}],"wp:featuredmedia":[{"embeddable":true,"href":"https:\/\/www.europesays.com\/fr\/wp-json\/wp\/v2\/media\/103204"}],"wp:attachment":[{"href":"https:\/\/www.europesays.com\/fr\/wp-json\/wp\/v2\/media?parent=103203"}],"wp:term":[{"taxonomy":"category","embeddable":true,"href":"https:\/\/www.europesays.com\/fr\/wp-json\/wp\/v2\/categories?post=103203"},{"taxonomy":"post_tag","embeddable":true,"href":"https:\/\/www.europesays.com\/fr\/wp-json\/wp\/v2\/tags?post=103203"}],"curies":[{"name":"wp","href":"https:\/\/api.w.org\/{rel}","templated":true}]}}