{"id":103205,"date":"2025-05-16T00:48:16","date_gmt":"2025-05-16T00:48:16","guid":{"rendered":"https:\/\/www.europesays.com\/fr\/103205\/"},"modified":"2025-05-16T00:48:16","modified_gmt":"2025-05-16T00:48:16","slug":"agression-dun-cpe-a-nancy-trois-mineurs-interpelles-3","status":"publish","type":"post","link":"https:\/\/www.europesays.com\/fr\/103205\/","title":{"rendered":"Agression d\u2019un CPE \u00e0 Nancy\u00a0: trois mineurs interpell\u00e9s"},"content":{"rendered":"<p>Lundi 12\u00a0mai, 2025, aux alentours de 17\u00a0h, <a href=\"https:\/\/laval.maville.com\/actu\/actudet_-un-eleve-agresse-un-conseiller-principal-d-education-au-lycee-douanier-rousseau-a-laval-_11-6105004_actu.Htm\" target=\"_self\" rel=\"noopener\">un CPE<\/a> avait \u00e9t\u00e9 rou\u00e9 de coups par des adolescents \u00e0 la sortie du lyc\u00e9e Henri Poincar\u00e9, en plein centre-ville de Nancy (<a href=\"https:\/\/maubeuge.maville.com\/actu\/actudet_-un-parachutiste-experimente-de-67-ans-se-tue-en-meurthe-et-moselle-_53511-6805438_actu.Htm\" target=\"_self\" rel=\"noopener\">Meurthe-et-Moselle<\/a>).\u00a0Soup\u00e7onn\u00e9s d\u2019\u00eatre les auteurs de ces violences, trois mineurs ont \u00e9t\u00e9 plac\u00e9s en garde \u00e0 vue, a appris l\u2019AFP jeudi 15\u00a0mai aupr\u00e8s du procureur de la R\u00e9publique de Nancy, Fran\u00e7ois Capin-Dulhoste.<\/p>\n<p>L\u2019un est \u00e2g\u00e9 de 14\u00a0ans, les deux autres de 15\u00a0ans, tous n\u2019ont pas d\u2019ant\u00e9c\u00e9dents. Ils ont \u00e9t\u00e9 d\u00e9f\u00e9r\u00e9s mercredi au tribunal judiciaire <strong>\u00ab\u00a0o\u00f9 ils ont \u00e9t\u00e9 pr\u00e9sent\u00e9s \u00e0 un juge des enfants, en vue d\u2019une audience de culpabilit\u00e9 fix\u00e9e au 23\u00a0septembre prochain\u00a0\u00bb<\/strong>, a pr\u00e9cis\u00e9 \u00e0 l\u2019AFP Fran\u00e7ois Capin-Dulhoste.<\/p>\n<p><strong>\u00ab\u00a0\u00c0 titre de mesures provisoires, le parquet a demand\u00e9 le prononc\u00e9 d\u2019une mesure \u00e9ducative pr\u00e9judicielle (module insertion et r\u00e9paration), des interdictions de contacts avec la victime et les co-auteurs, de para\u00eetre sur le lieu de commission de l\u2019infraction ainsi que l\u2019obligation de respecter un couvre-feu\u00a0\u00bb<\/strong>, a d\u00e9taill\u00e9 le magistrat.<\/p>\n<p>Une ITT de trois jours<\/p>\n<p>Selon L <a href=\"https:\/\/www.estrepublicain.fr\/faits-divers-justice\/2025\/05\/14\/le-cpe-du-lycee-poincare-passe-a-tabac-trois-mineurs-arretes\" target=\"_self\" rel=\"noopener\">\u2019Est R\u00e9publicain<\/a> , le CPE du lyc\u00e9e Henri-Poincar\u00e9, situ\u00e9 au centre-ville de Nancy, avait s\u00e9par\u00e9 deux jeunes filles qui se battaient dans l\u2019\u00e9tablissement, dans la journ\u00e9e de lundi. \u00ab <strong>Se sachant convoqu\u00e9e par le CPE pour un entretien avec la victime, la lyc\u00e9enne a demand\u00e9 \u00e0 des adolescents, non scolaris\u00e9s dans l\u2019\u00e9tablissement, de se placer \u00e0 la sortie du lyc\u00e9e\u00a0\u00bb<\/strong>, indique la police.<\/p>\n<p>Le CPE aurait ensuite raccompagn\u00e9 l\u2019une des deux jeunes filles concern\u00e9es \u00e0 l\u2019ext\u00e9rieur du lyc\u00e9e, apr\u00e8s les cours. C\u2019est \u00e0 ce moment que les trois mineurs, pas scolaris\u00e9s dans l\u2019\u00e9tablissement, auraient frapp\u00e9 l\u2019homme, le faisant chuter \u00e0 terre, tout en continuant de lui donner des coups de pied et de poing. Le CPE s\u2019est vu remettre une incapacit\u00e9 totale de travail (ITT) de trois jours.<\/p>\n<p>\u00a0<\/p>\n","protected":false},"excerpt":{"rendered":"Lundi 12\u00a0mai, 2025, aux alentours de 17\u00a0h, un CPE avait \u00e9t\u00e9 rou\u00e9 de coups par des adolescents \u00e0&hellip;\n","protected":false},"author":2,"featured_media":102840,"comment_status":"","ping_status":"","sticky":false,"template":"","format":"standard","meta":{"footnotes":""},"categories":[9635],"tags":[1111,11,1120,21899,1777,674,1011,27,775,9690,1781,6636,1702,12,25],"class_list":{"0":"post-103205","1":"post","2":"type-post","3":"status-publish","4":"format-standard","5":"has-post-thumbnail","7":"category-nancy","8":"tag-actu","9":"tag-actualites","10":"tag-agression","11":"tag-cpe","12":"tag-eu","13":"tag-europe","14":"tag-fr","15":"tag-france","16":"tag-grand-est","17":"tag-interpelles","18":"tag-lorient","19":"tag-mineurs","20":"tag-nancy","21":"tag-news","22":"tag-republique-francaise"},"share_on_mastodon":{"url":"https:\/\/pubeurope.com\/@fr\/114514762376202620","error":""},"_links":{"self":[{"href":"https:\/\/www.europesays.com\/fr\/wp-json\/wp\/v2\/posts\/103205","targetHints":{"allow":["GET"]}}],"collection":[{"href":"https:\/\/www.europesays.com\/fr\/wp-json\/wp\/v2\/posts"}],"about":[{"href":"https:\/\/www.europesays.com\/fr\/wp-json\/wp\/v2\/types\/post"}],"author":[{"embeddable":true,"href":"https:\/\/www.europesays.com\/fr\/wp-json\/wp\/v2\/users\/2"}],"replies":[{"embeddable":true,"href":"https:\/\/www.europesays.com\/fr\/wp-json\/wp\/v2\/comments?post=103205"}],"version-history":[{"count":0,"href":"https:\/\/www.europesays.com\/fr\/wp-json\/wp\/v2\/posts\/103205\/revisions"}],"wp:featuredmedia":[{"embeddable":true,"href":"https:\/\/www.europesays.com\/fr\/wp-json\/wp\/v2\/media\/102840"}],"wp:attachment":[{"href":"https:\/\/www.europesays.com\/fr\/wp-json\/wp\/v2\/media?parent=103205"}],"wp:term":[{"taxonomy":"category","embeddable":true,"href":"https:\/\/www.europesays.com\/fr\/wp-json\/wp\/v2\/categories?post=103205"},{"taxonomy":"post_tag","embeddable":true,"href":"https:\/\/www.europesays.com\/fr\/wp-json\/wp\/v2\/tags?post=103205"}],"curies":[{"name":"wp","href":"https:\/\/api.w.org\/{rel}","templated":true}]}}