{"id":10321,"date":"2025-04-08T13:39:12","date_gmt":"2025-04-08T13:39:12","guid":{"rendered":"https:\/\/www.europesays.com\/fr\/10321\/"},"modified":"2025-04-08T13:39:12","modified_gmt":"2025-04-08T13:39:12","slug":"ldc-lee-kang-in-present-pour-psg-aston-villa","status":"publish","type":"post","link":"https:\/\/www.europesays.com\/fr\/10321\/","title":{"rendered":"LDC \u2013 Lee Kang-in pr\u00e9sent pour PSG \/ Aston Villa ? &#8211;"},"content":{"rendered":"<p><img width=\"700\" height=\"350\" src=\"https:\/\/www.europesays.com\/fr\/wp-content\/uploads\/2025\/04\/Lee-Kang-in.jpg\" class=\"attachment-jannah-image-post size-jannah-image-post wp-post-image\" alt=\"Lee kang in\" is_main_img=\"1\" decoding=\"async\" fetchpriority=\"high\"  \/><br \/>\n Image :<br \/>\nPSG.fr<\/p>\n<p>Dans deux jours, le PSG affronte Aston Villa en quart de<br \/>\nfinale aller de la Ligue des champions. Pour cette rencontre, Luis<br \/>\nEnrique pourra-t-il compter sur un groupe au complet ?<\/p>\n<p>Depuis le d\u00e9but de la saison, le <strong>PSG<\/strong> compte<br \/>\ntr\u00e8s peu de bless\u00e9s dans ses rangs, et ce, malgr\u00e9 l\u2019enchainement<br \/>\ndes matches entre la <strong>Ligue 1<\/strong>, la <strong>Ligue des<br \/>\nchampions<\/strong> et la <strong>Coupe de France<\/strong>. Avec sa<br \/>\ngestion du temps de jeu, <strong>Luis Enrique<\/strong> a permis \u00e0<br \/>\nun tr\u00e8s grand nombre de joueurs de jouer. Avant d\u2019affronter<br \/>\n<strong>Aston Villa<\/strong> en quart de finale aller de la<br \/>\n<strong>Ligue des champions<\/strong>, seul <strong>Lee<br \/>\nKang-in<\/strong> \u00e9tait \u00e9cart\u00e9 des s\u00e9ances d\u2019entra\u00eenements<br \/>\ncollectives en raison d\u2019une blessure \u00e0 la cheville gauche<br \/>\ncontract\u00e9e avec la <strong><a href=\"https:\/\/canal-supporters.com\/selections-plus-de-peur-que-de-mal-pour-kang-in-lee\/\" title=\"\" rel=\"nofollow noopener\" target=\"_blank\">Cor\u00e9e du Sud<\/a><\/strong> durant la tr\u00eave<br \/>\ninternationale.\u00a0<\/p>\n<p>A voir aussi : <a href=\"https:\/\/canal-supporters.com\/le-programme-de-la-semaine-du-psg-123\/\" title=\"\" rel=\"nofollow noopener\" target=\"_blank\">Le programme de la semaine du PSG<\/a><\/p>\n<p><a href=\"https:\/\/x.com\/CanalSupporters\" target=\"_blank\" rel=\"noopener nofollow\" title=\"\">canalsupporters.com<\/a><\/p>\n<p>Encore pr\u00e9sent \u00e0<br \/>\nl\u2019entra\u00eenement ce lundi<\/p>\n<p>Lors du\u00a0<a href=\"https:\/\/canal-supporters.com\/psg-la-point-medical-avant-la-reception-du-sco-dangers\/\" rel=\"nofollow noopener\" target=\"_blank\">point<br \/>\nm\u00e9dical<\/a>\u00a0d\u2019avant le match contre <strong>Angers<\/strong>,<br \/>\nle <strong>PSG<\/strong> avait expliqu\u00e9 que l\u2019international cor\u00e9en<br \/>\navait partiellement repris les s\u00e9ances d\u2019entra\u00eenements avec ses<br \/>\nco\u00e9quipiers. Ce lundi, le club de la capitale a d\u00e9voil\u00e9 <a href=\"https:\/\/www.psg.fr\/equipes\/equipe-premiere\/content\/les-champions-de-france-a-lentrainement-diaporama-training-campus-psg-ucl-2024-2025#showGallery\" target=\"_blank\" rel=\"noopener nofollow\" title=\"\">des photos<\/a> de<br \/>\nl\u2019entra\u00eenement du jour. Dans ces derni\u00e8res, on peut voir l\u2019ancien<br \/>\nde <strong>Majorque<\/strong> sur les terrains du <strong>Campus de<br \/>\nPoissy<\/strong> avec ses co\u00e9quipiers. Peut-il postuler pour une<br \/>\nplace dans le groupe de <strong>Luis Enrique<\/strong> pour cette<br \/>\nrencontre contre <strong>Aston Villa<\/strong> ? R\u00e9ponse demain avec<br \/>\nles quinze premi\u00e8res minutes de l\u2019entra\u00eenement ouvertes aux m\u00e9dias<br \/>\net la conf\u00e9rence de presse de <strong>Luis<br \/>\nEnrique.\u00a0<\/strong><\/p><\/p>\n","protected":false},"excerpt":{"rendered":"Image : PSG.fr Dans deux jours, le PSG affronte Aston Villa en quart de finale aller de la&hellip;\n","protected":false},"author":2,"featured_media":10322,"comment_status":"","ping_status":"","sticky":false,"template":"","format":"standard","meta":{"footnotes":""},"categories":[1410],"tags":[784,786,5041,5042,81,5043,5044,5045,448,787,5046,63,1011,27,5047,789,5048,5049,447,2334,626,91,92,93,792,793,794,4480,4481,60,795,796,96],"class_list":{"0":"post-10321","1":"post","2":"type-post","3":"status-publish","4":"format-standard","5":"has-post-thumbnail","7":"category-football","8":"tag-aston-villa","9":"tag-c1","10":"tag-campus-de-poissy","11":"tag-campus-psg","12":"tag-canal-supporters","13":"tag-centre-dentrainement","14":"tag-centre-dentrainement-psg","15":"tag-centre-dentrainement-poissy","16":"tag-champions-league","17":"tag-cs","18":"tag-entrainement-collectif","19":"tag-football","20":"tag-fr","21":"tag-france","22":"tag-kang-in-lee","23":"tag-ldc","24":"tag-lee","25":"tag-lee-kang-in","26":"tag-ligue-des-champions","27":"tag-parc-des-princes","28":"tag-paris","29":"tag-paris-saint-germain","30":"tag-paris-sg","31":"tag-psg","32":"tag-psg-afc","33":"tag-psg-aston-villa","34":"tag-psgafc","35":"tag-quart-de-finale","36":"tag-quart-de-finale-aller","37":"tag-sports","38":"tag-ucl","39":"tag-uefa-champions-league","40":"tag-une"},"share_on_mastodon":{"url":"https:\/\/pubeurope.com\/@fr\/114302626329323817","error":""},"_links":{"self":[{"href":"https:\/\/www.europesays.com\/fr\/wp-json\/wp\/v2\/posts\/10321","targetHints":{"allow":["GET"]}}],"collection":[{"href":"https:\/\/www.europesays.com\/fr\/wp-json\/wp\/v2\/posts"}],"about":[{"href":"https:\/\/www.europesays.com\/fr\/wp-json\/wp\/v2\/types\/post"}],"author":[{"embeddable":true,"href":"https:\/\/www.europesays.com\/fr\/wp-json\/wp\/v2\/users\/2"}],"replies":[{"embeddable":true,"href":"https:\/\/www.europesays.com\/fr\/wp-json\/wp\/v2\/comments?post=10321"}],"version-history":[{"count":0,"href":"https:\/\/www.europesays.com\/fr\/wp-json\/wp\/v2\/posts\/10321\/revisions"}],"wp:featuredmedia":[{"embeddable":true,"href":"https:\/\/www.europesays.com\/fr\/wp-json\/wp\/v2\/media\/10322"}],"wp:attachment":[{"href":"https:\/\/www.europesays.com\/fr\/wp-json\/wp\/v2\/media?parent=10321"}],"wp:term":[{"taxonomy":"category","embeddable":true,"href":"https:\/\/www.europesays.com\/fr\/wp-json\/wp\/v2\/categories?post=10321"},{"taxonomy":"post_tag","embeddable":true,"href":"https:\/\/www.europesays.com\/fr\/wp-json\/wp\/v2\/tags?post=10321"}],"curies":[{"name":"wp","href":"https:\/\/api.w.org\/{rel}","templated":true}]}}