{"id":103214,"date":"2025-05-16T00:56:12","date_gmt":"2025-05-16T00:56:12","guid":{"rendered":"https:\/\/www.europesays.com\/fr\/103214\/"},"modified":"2025-05-16T00:56:12","modified_gmt":"2025-05-16T00:56:12","slug":"gf38-le-grenoble-foot-38-officialise-son-nouveau-business-developper-2","status":"publish","type":"post","link":"https:\/\/www.europesays.com\/fr\/103214\/","title":{"rendered":"GF38. Le Grenoble Foot 38 officialise son nouveau business developper"},"content":{"rendered":"<p><img decoding=\"async\" class=\"caas-img has-preview\" alt=\"Le Grenoble Foot 38 officialise son nouveau business developper\" bad-src=\"https:\/\/www.europesays.com\/fr\/wp-content\/uploads\/2025\/05\/2a801365822433851afd87aa74473b5a.jpeg\" src=\"https:\/\/www.europesays.com\/fr\/wp-content\/uploads\/2025\/05\/2a801365822433851afd87aa74473b5a.jpeg\"\/><\/p>\n<p>Anthony Dubrulle est le nouveau business developer du GF38.<\/p>\n<p>Le <a href=\"https:\/\/sportune.20minutes.fr\/grenoble-foot-38-gf38\" rel=\"nofollow noopener\" target=\"_blank\" data-ylk=\"slk:Grenoble Foot 38;elm:context_link;itc:0;sec:content-canvas\" class=\"link \">Grenoble Foot 38<\/a> renforce sa structure commerciale avec l\u2019arriv\u00e9e d\u2019Anthony Dubrulle au poste de business developer. Cette nomination est effective depuis le mois dernier mais elle a \u00e9t\u00e9 officialis\u00e9e ce jeudi par le club is\u00e9rois. Elle s\u2019inscrit dans une strat\u00e9gie de d\u00e9veloppement \u00e9conomique pour le pensionnaire de <a href=\"https:\/\/sportune.20minutes.fr\/ligue-2-l2\" rel=\"nofollow noopener\" target=\"_blank\" data-ylk=\"slk:Ligue 2;elm:context_link;itc:0;sec:content-canvas\" class=\"link \">Ligue 2<\/a>.<\/p>\n<p>Grenoblois d\u2019origine et ancien joueur des cat\u00e9gories jeunes du <a href=\"https:\/\/sportune.20minutes.fr\/grenoble-foot-38-gf38\" rel=\"nofollow noopener\" target=\"_blank\" data-ylk=\"slk:GF38;elm:context_link;itc:0;sec:content-canvas\" class=\"link \">GF38<\/a>, Anthony Dubrulle effectue un retour aux sources apr\u00e8s un parcours professionnel marqu\u00e9 par plus de douze ann\u00e9es dans le d\u00e9veloppement commercial. Tel que le d\u00e9taille son cursus professionnel, il a quitt\u00e9 son poste de chef de march\u00e9 chez K\u00e4rcher France, qu\u2019il occupait depuis octobre 2018, avant de rejoindre le club grenoblois.<\/p>\n<p>Un retour aux sources du GF38<\/p>\n<p>Avant son passage de pr\u00e8s de sept ans chez le sp\u00e9cialiste du nettoyage, le nouveau responsable avait \u00e9galement exerc\u00e9 comme directeur commercial et co-g\u00e9rant chez Lavage One pendant un an et demi, apr\u00e8s quatre ann\u00e9es et demie en tant qu\u2019attach\u00e9 commercial chez Lavance.<\/p>\n<p>Titulaire d\u2019un BTS technico-commercial obtenu au Greta Grenoble, Anthony Dubrulle apporte au <a href=\"https:\/\/sportune.20minutes.fr\/grenoble-foot-38-gf38\" rel=\"nofollow noopener\" target=\"_blank\" data-ylk=\"slk:GF38;elm:context_link;itc:0;sec:content-canvas\" class=\"link \">GF38<\/a> non seulement ses comp\u00e9tences professionnelles, mais \u00e9galement une connaissance intime du club et de son environnement local.<\/p>\n<p><a href=\"https:\/\/sportune.20minutes.fr\/gf38-le-grenoble-foot-38-officialise-son-nouveau-business-developper-365912\" rel=\"nofollow noopener\" target=\"_blank\" data-ylk=\"slk:GF38. Le Grenoble Foot 38 officialise son nouveau business developper;elm:context_link;itc:0;sec:content-canvas\" class=\"link \">GF38. Le Grenoble Foot 38 officialise son nouveau business developper<\/a> est un article paru sur <a href=\"https:\/\/sportune.20minutes.fr\" rel=\"nofollow noopener\" target=\"_blank\" data-ylk=\"slk:Sportune;elm:context_link;itc:0;sec:content-canvas\" class=\"link \">Sportune<\/a>.<\/p>\n","protected":false},"excerpt":{"rendered":"Anthony Dubrulle est le nouveau business developer du GF38. Le Grenoble Foot 38 renforce sa structure commerciale avec&hellip;\n","protected":false},"author":2,"featured_media":103215,"comment_status":"","ping_status":"","sticky":false,"template":"","format":"standard","meta":{"footnotes":""},"categories":[9566],"tags":[1111,11,21960,2430,21961,21959,21963,21962,1777,674,1011,27,21780,2731,21958,12,25],"class_list":{"0":"post-103214","1":"post","2":"type-post","3":"status-publish","4":"format-standard","5":"has-post-thumbnail","7":"category-grenoble","8":"tag-actu","9":"tag-actualites","10":"tag-anthony-dubrulle","11":"tag-auvergne-rhone-alpes","12":"tag-business-developer","13":"tag-developpement-commercial","14":"tag-directeur-commercial","15":"tag-dubrulle","16":"tag-eu","17":"tag-europe","18":"tag-fr","19":"tag-france","20":"tag-gf38","21":"tag-grenoble","22":"tag-grenoble-foot-38","23":"tag-news","24":"tag-republique-francaise"},"share_on_mastodon":{"url":"https:\/\/pubeurope.com\/@fr\/114514793865460080","error":""},"_links":{"self":[{"href":"https:\/\/www.europesays.com\/fr\/wp-json\/wp\/v2\/posts\/103214","targetHints":{"allow":["GET"]}}],"collection":[{"href":"https:\/\/www.europesays.com\/fr\/wp-json\/wp\/v2\/posts"}],"about":[{"href":"https:\/\/www.europesays.com\/fr\/wp-json\/wp\/v2\/types\/post"}],"author":[{"embeddable":true,"href":"https:\/\/www.europesays.com\/fr\/wp-json\/wp\/v2\/users\/2"}],"replies":[{"embeddable":true,"href":"https:\/\/www.europesays.com\/fr\/wp-json\/wp\/v2\/comments?post=103214"}],"version-history":[{"count":0,"href":"https:\/\/www.europesays.com\/fr\/wp-json\/wp\/v2\/posts\/103214\/revisions"}],"wp:featuredmedia":[{"embeddable":true,"href":"https:\/\/www.europesays.com\/fr\/wp-json\/wp\/v2\/media\/103215"}],"wp:attachment":[{"href":"https:\/\/www.europesays.com\/fr\/wp-json\/wp\/v2\/media?parent=103214"}],"wp:term":[{"taxonomy":"category","embeddable":true,"href":"https:\/\/www.europesays.com\/fr\/wp-json\/wp\/v2\/categories?post=103214"},{"taxonomy":"post_tag","embeddable":true,"href":"https:\/\/www.europesays.com\/fr\/wp-json\/wp\/v2\/tags?post=103214"}],"curies":[{"name":"wp","href":"https:\/\/api.w.org\/{rel}","templated":true}]}}