{"id":1032313,"date":"2026-06-29T15:06:31","date_gmt":"2026-06-29T15:06:31","guid":{"rendered":"https:\/\/www.europesays.com\/fr\/1032313\/"},"modified":"2026-06-29T15:06:31","modified_gmt":"2026-06-29T15:06:31","slug":"en-pleine-canicule-une-baby-sitter-laisse-deux-enfants-de-3-et-5-ans-dans-une-voiture-pour-aller","status":"publish","type":"post","link":"https:\/\/www.europesays.com\/fr\/1032313\/","title":{"rendered":"En pleine canicule, une baby-sitter laisse deux enfants de 3 et 5\u00a0ans dans une voiture pour aller"},"content":{"rendered":"<p>Un drame a \u00e9t\u00e9 \u00e9vit\u00e9 de justesse, la semaine derni\u00e8re \u00e0 Englos\u00a0(Nord). Des passants ont en effet donn\u00e9 l\u2019alerte apr\u00e8s avoir aper\u00e7u deux jeunes enfants enferm\u00e9s dans une voiture en pleine chaleur, mercredi 24\u00a0juin 2026. Leur baby-sitter, \u00e2g\u00e9e de 25\u00a0ans, les avait d\u00e9laiss\u00e9s le temps d\u2019aller faire des courses dans une zone commerciale, rapporte <a href=\"https:\/\/www.lavoixdunord.fr\/1716235\/article\/2026-06-26\/englos-une-baby-sitter-laisse-deux-enfants-dans-une-voiture-sur-le-parking-d-un\" target=\"_blank\" rel=\"nofollow noopener\"> La Voix du Nord <\/a>. Le d\u00e9partement \u00e9tait alors class\u00e9 en alerte rouge canicule.<\/p>\n<p>Elle conduisait sans permis ni assurance<\/p>\n<p>Interpell\u00e9e, la jeune femme a rapidement reconnu les faits. Elle a \u00e9t\u00e9 d\u00e9f\u00e9r\u00e9e devant le parquet de Lille vendredi et sera convoqu\u00e9e devant la justice le 12\u00a0novembre prochain pour \u00ab\u00a0mise en danger de la vie d\u2019autrui\u00a0\u00bb, et \u00ab\u00a0conduite sans permis et sans assurance\u00a0\u00bb, indique  <a href=\"https:\/\/www.rtl.fr\/actu\/justice-faits-divers\/nord-deux-enfants-enfermes-dans-une-voiture-en-pleine-canicule-la-baby-sitter-convoquee-devant-le-tribunal-en-novembre-7900650087\" target=\"_blank\" rel=\"nofollow noopener\">RTL<\/a> .<\/p>\n<p>En attendant, elle a \u00e9t\u00e9 laiss\u00e9e libre sous contr\u00f4le judiciaire mais elle a l\u2019interdiction d\u2019exercer toute profession en contact avec des mineurs, de conduire tout v\u00e9hicule \u00e0 moteur et d\u2019entrer en contact avec les victimes.<\/p>\n<p>D\u2019autres drames en juin<\/p>\n<p>Ces derniers jours, plusieurs enfants sont morts de la chaleur extr\u00eame apr\u00e8s \u00eatre rest\u00e9s enferm\u00e9s dans des voitures. Le 22\u00a0juin, <a href=\"https:\/\/nimes.maville.com\/actu\/actudet_-canicule-enquete-ouverte...-ce-que-l-on-sait-de-la-mort-de-deux-jeunes-enfants-retrouves-dans-une-voiture-a-carpentras-_54135-7372752_actu.Htm\" target=\"_blank\" rel=\"nofollow noopener\">deux enfants de 2 et 4\u00a0ans ont \u00e9t\u00e9 retrouv\u00e9s morts dans le v\u00e9hicule de leur m\u00e8re<\/a>, stationn\u00e9 sur le parking d\u2019une r\u00e9sidence \u00e0\u00a0Carpentras\u00a0(Vaucluse). Ils seraient mont\u00e9s \u00e0 bord \u00e0 l\u2019insu des adultes et n\u2019ont pas pu \u00eatre r\u00e9anim\u00e9s par les secours.<\/p>\n<p>La veille, <a href=\"https:\/\/armentieres.maville.com\/actu\/actudet_-un-bebe-meurt-aux-urgences-apres-avoir-ete-retrouve-inconscient-et-en-hyperthermie-dans-une-voiture-a-marseille-_54135-7379710_actu.Htm\" target=\"_blank\" rel=\"nofollow noopener\">c\u2019est un b\u00e9b\u00e9 de 18\u00a0mois qui avait \u00e9t\u00e9 d\u00e9couvert inanim\u00e9 dans un v\u00e9hicule<\/a>, sur le campus universitaire de l\u2019h\u00f4pital de la Timone de Marseille\u00a0(Bouches-du-Rh\u00f4ne). Hospitalis\u00e9 en urgence, il n\u2019a pas surv\u00e9cu. Un enfant de 3\u00a0ans est \u00e9galement<a href=\"https:\/\/paris.maville.com\/actu\/actudet_-canicule-ce-que-l-on-sait-de-la-mort-d-un-enfant-de-3-ans-retrouve-dans-une-voiture-dans-le-val-d-oise-_54135-7377657_actu.Htm\" target=\"_self\" rel=\"nofollow noopener\"> d\u00e9c\u00e9d\u00e9 le 24\u00a0juin 2026<\/a> en fin d\u2019apr\u00e8s-midi alors qu\u2019il se trouvait seul dans une voiture \u00e0 Saint-Gratien dans le Val-d\u2019Oise.<\/p>\n<p>\u00a0<\/p>\n","protected":false},"excerpt":{"rendered":"Un drame a \u00e9t\u00e9 \u00e9vit\u00e9 de justesse, la semaine derni\u00e8re \u00e0 Englos\u00a0(Nord). Des passants ont en effet donn\u00e9&hellip;\n","protected":false},"author":2,"featured_media":1032314,"comment_status":"","ping_status":"","sticky":false,"template":"","format":"standard","meta":{"footnotes":"","_share_on_mastodon":"0"},"categories":[2815],"tags":[19020,9638,1111,11,7827,1764,107603,6698,2622,1719,1777,674,4560,1011,27,811,1768,1307,12,19940,25,4752],"class_list":["post-1032313","post","type-post","status-publish","format-standard","has-post-thumbnail","category-lille","tag-19020","tag-9638","tag-actu","tag-actualites","tag-aller","tag-ans","tag-baby-sitter","tag-canicule","tag-courses","tag-enfants","tag-eu","tag-europe","tag-faire","tag-fr","tag-france","tag-hauts-de-france","tag-laisse","tag-lille","tag-news","tag-pleine","tag-republique-francaise","tag-voiture"],"share_on_mastodon":{"url":"https:\/\/pubeurope.com\/@fr\/116834021004541004","error":""},"_links":{"self":[{"href":"https:\/\/www.europesays.com\/fr\/wp-json\/wp\/v2\/posts\/1032313","targetHints":{"allow":["GET"]}}],"collection":[{"href":"https:\/\/www.europesays.com\/fr\/wp-json\/wp\/v2\/posts"}],"about":[{"href":"https:\/\/www.europesays.com\/fr\/wp-json\/wp\/v2\/types\/post"}],"author":[{"embeddable":true,"href":"https:\/\/www.europesays.com\/fr\/wp-json\/wp\/v2\/users\/2"}],"replies":[{"embeddable":true,"href":"https:\/\/www.europesays.com\/fr\/wp-json\/wp\/v2\/comments?post=1032313"}],"version-history":[{"count":0,"href":"https:\/\/www.europesays.com\/fr\/wp-json\/wp\/v2\/posts\/1032313\/revisions"}],"wp:featuredmedia":[{"embeddable":true,"href":"https:\/\/www.europesays.com\/fr\/wp-json\/wp\/v2\/media\/1032314"}],"wp:attachment":[{"href":"https:\/\/www.europesays.com\/fr\/wp-json\/wp\/v2\/media?parent=1032313"}],"wp:term":[{"taxonomy":"category","embeddable":true,"href":"https:\/\/www.europesays.com\/fr\/wp-json\/wp\/v2\/categories?post=1032313"},{"taxonomy":"post_tag","embeddable":true,"href":"https:\/\/www.europesays.com\/fr\/wp-json\/wp\/v2\/tags?post=1032313"}],"curies":[{"name":"wp","href":"https:\/\/api.w.org\/{rel}","templated":true}]}}