{"id":103264,"date":"2025-05-16T01:26:04","date_gmt":"2025-05-16T01:26:04","guid":{"rendered":"https:\/\/www.europesays.com\/fr\/103264\/"},"modified":"2025-05-16T01:26:04","modified_gmt":"2025-05-16T01:26:04","slug":"allemagne-soutient-la-hausse-des-depenses-de-defense-des-membres-de-lotan-pour-atteindre-5-du-pib","status":"publish","type":"post","link":"https:\/\/www.europesays.com\/fr\/103264\/","title":{"rendered":"Allemagne soutient la hausse des d\u00e9penses de d\u00e9fense des membres de l&rsquo;OTAN pour atteindre 5% du PIB"},"content":{"rendered":"<p>ARTA &#8211; L\u2019Allemagne a soutenu jeudi les demandes du pr\u00e9sident am\u00e9ricain Donald Trump d\u2019augmenter le budget des d\u00e9penses des membres de l\u2019OTAN pour la d\u00e9fense de l\u2019Atlantique Nord \u00e0 5% du produit int\u00e9rieur brut (PIB), alors que Washington a exhort\u00e9 les pays \u00e0 \u00e9liminer les \u00ab cha\u00eenes faibles \u00bb de l\u2019alliance en raison du manque d\u2019investissements militaires.<\/p>\n<p>\u00ab Nous suivons cela (Trump) et nous voyons cela comme un engagement clair des \u00c9tats-Unis envers l\u2019article 5 de l\u2019OTAN \u00bb, a d\u00e9clar\u00e9 le nouveau ministre allemand des Affaires \u00e9trang\u00e8res, Wong wadephul, faisant r\u00e9f\u00e9rence au pacte de d\u00e9fense avec l\u2019alliance militaire.<\/p>\n<p>vaderhul, qui a pris ses fonctions plus t\u00f4t la semaine derni\u00e8re dans le cadre d\u2019un nouveau gouvernement dirig\u00e9 par des conservateurs, s\u2019est exprim\u00e9 lors d\u2019une r\u00e9union des ministres des Affaires \u00e9trang\u00e8res de l\u2019OTAN dans la ville d\u2019Antalya, en Turquie, o\u00f9 les d\u00e9penses en d\u00e9fense \u00e9taient le principal programme.<\/p>\n<p>, l&rsquo;objectif de d\u00e9penses en mati\u00e8re de d\u00e9fense de l&rsquo;OTAN est actuellement de 2% du PIB, un objectif qui n&rsquo;est actuellement atteint ou d\u00e9pass\u00e9 que par 22 de ses 32 membres.<\/p>\n<p>an, cependant, de nombreux dirigeants de l\u2019OTAN disent que l\u2019objectif est maintenant trop bas, car ils voient la Russie comme une menace beaucoup plus grande apr\u00e8s l\u2019invasion de l\u2019Ukraine en 2022.<\/p>\n<p>Pr\u00e8s de six semaines avant le sommet des dirigeants de l\u2019OTAN \u00e0 La Haye, aux Pays-Bas, les \u00c9tats membres s\u2019efforcent de r\u00e9pondre aux demandes du pr\u00e9sident Trump, afin d\u2019emp\u00eacher les menaces pass\u00e9es r\u00e9p\u00e9t\u00e9es du pr\u00e9sident am\u00e9ricain de se retirer de l\u2019alliance ou de saper l\u2019engagement des \u00c9tats-Unis en mati\u00e8re de d\u00e9fense collective.<\/p>\n<p>an, le secr\u00e9taire g\u00e9n\u00e9ral de l\u2019OTAN, Mark Rutte, avait propos\u00e9 une approche \u00e0 deux secteurs pour r\u00e9pondre \u00e0 l\u2019appel de Trump de 5%, sugg\u00e9rant aux alli\u00e9s de d\u00e9penser 3,5% de leur PIB pour la d\u00e9fense et de consacrer 1,5% de plus \u00e0 des probl\u00e8mes de s\u00e9curit\u00e9 plus larges tels que les infrastructures et la cybers\u00e9curit\u00e9.<\/p>\n<p>Rassemblement de jeudi est la premi\u00e8re occasion pour les ministres des Affaires \u00e9trang\u00e8res de discuter de la proposition.<\/p>\n<p>ronyme. D\u2019autre part, certains pays ont d\u00e9j\u00e0 expliqu\u00e9 qu\u2019ils voient 5% du PIB comme une cible irr\u00e9aliste, au moins dans un proche avenir. D\u2019autre part, certains ne sont pas satisfaits de l\u2019id\u00e9e que tous ces 5 pour cent ne seront pas utilis\u00e9s pour les d\u00e9penses militaires nucl\u00e9aires.<\/p>\n<p>ronyme : \u00ab L\u2019objectif des \u00c9tats membres de l\u2019OTAN doit \u00eatre de 5 pour cent \u00e0 l\u2019avenir. Et nous ne parlons pas d\u2019autre chose que de r\u00e9els d\u00e9penses de d\u00e9fense, qui sont fix\u00e9s dans les r\u00e8gles de l\u2019OTAN \u00bb, a d\u00e9clar\u00e9 margas Tsahkna, ministre Estonien des Affaires \u00e9trang\u00e8res.<\/p>\n<p>an, ce qui a soulev\u00e9 les inqui\u00e9tudes de l&rsquo;Europe sur le projet de loi sur l&rsquo;OTAN, c&rsquo;est ce qui a suscit\u00e9 des inqui\u00e9tudes de l&rsquo;Europe concernant l&rsquo;engagement de Washington envers une alliance fortement d\u00e9pendante de la puissance militaire am\u00e9ricaine.<\/p>\n<p>cependant, il insiste sur le fait que le pays de l\u2019oncle Sam s\u2019attend \u00e0 ce que ses alli\u00e9s augmentent leurs d\u00e9penses de d\u00e9fense.<\/p>\n<p>al.com\/lggggggggggggggggggggggggggggggggggggggggggggggggggggggggggggggggggggggggggggggggggggggggggggggggggggggggggggggggggggggggggggggggggggggggggggggggggggggggggggggggggggggggggggggggggggggggggggggggggggggggggggggggggggggggggggggggggggggggggggggggggggggggg<\/p>\n<p>Rutte a d\u00e9clar\u00e9 qu\u2019il \u00e9tait optimiste quant au fait que davantage de pays atteindraient les objectifs actuels de l\u2019OTAN avant le sommet.<\/p>\n<p>\u00ab Maintenant, nous semblons aller tr\u00e8s loin pour amener toute l\u2019alliance \u00e0 2, ce qui construira une plate-forme de lancement pour le sommet \u00bb, a d\u00e9clar\u00e9 le secr\u00e9taire g\u00e9n\u00e9ral Rutte.<\/p>\n<p>The English, Chinese, Japanese, Arabic, and French versions are automatically generated by the AI. So there may still be inaccuracies in translating, please always see Indonesian as our main language.<br \/>\n                                    (system supported by DigitalSiber.id)<\/p>\n","protected":false},"excerpt":{"rendered":"ARTA &#8211; L\u2019Allemagne a soutenu jeudi les demandes du pr\u00e9sident am\u00e9ricain Donald Trump d\u2019augmenter le budget des d\u00e9penses&hellip;\n","protected":false},"author":2,"featured_media":103265,"comment_status":"","ping_status":"","sticky":false,"template":"","format":"standard","meta":{"footnotes":""},"categories":[1587],"tags":[11,672,4946,1804,1805,1803,1777,674,1801,14,5803,12,1802],"class_list":{"0":"post-103264","1":"post","2":"type-post","3":"status-publish","4":"format-standard","5":"has-post-thumbnail","7":"category-allemagne","8":"tag-actualites","9":"tag-allemagne","10":"tag-amnesty-international","11":"tag-bundesrepublik-deutschland","12":"tag-de","13":"tag-deutschland","14":"tag-eu","15":"tag-europe","16":"tag-germany","17":"tag-international","18":"tag-man","19":"tag-news","20":"tag-republique-federale-dallemagne"},"share_on_mastodon":{"url":"https:\/\/pubeurope.com\/@fr\/114514911817054290","error":""},"_links":{"self":[{"href":"https:\/\/www.europesays.com\/fr\/wp-json\/wp\/v2\/posts\/103264","targetHints":{"allow":["GET"]}}],"collection":[{"href":"https:\/\/www.europesays.com\/fr\/wp-json\/wp\/v2\/posts"}],"about":[{"href":"https:\/\/www.europesays.com\/fr\/wp-json\/wp\/v2\/types\/post"}],"author":[{"embeddable":true,"href":"https:\/\/www.europesays.com\/fr\/wp-json\/wp\/v2\/users\/2"}],"replies":[{"embeddable":true,"href":"https:\/\/www.europesays.com\/fr\/wp-json\/wp\/v2\/comments?post=103264"}],"version-history":[{"count":0,"href":"https:\/\/www.europesays.com\/fr\/wp-json\/wp\/v2\/posts\/103264\/revisions"}],"wp:featuredmedia":[{"embeddable":true,"href":"https:\/\/www.europesays.com\/fr\/wp-json\/wp\/v2\/media\/103265"}],"wp:attachment":[{"href":"https:\/\/www.europesays.com\/fr\/wp-json\/wp\/v2\/media?parent=103264"}],"wp:term":[{"taxonomy":"category","embeddable":true,"href":"https:\/\/www.europesays.com\/fr\/wp-json\/wp\/v2\/categories?post=103264"},{"taxonomy":"post_tag","embeddable":true,"href":"https:\/\/www.europesays.com\/fr\/wp-json\/wp\/v2\/tags?post=103264"}],"curies":[{"name":"wp","href":"https:\/\/api.w.org\/{rel}","templated":true}]}}