{"id":103266,"date":"2025-05-16T01:27:05","date_gmt":"2025-05-16T01:27:05","guid":{"rendered":"https:\/\/www.europesays.com\/fr\/103266\/"},"modified":"2025-05-16T01:27:05","modified_gmt":"2025-05-16T01:27:05","slug":"louer-des-cellules-ailleurs-en-europe-est-ce-vraiment-une-solution-serieuse","status":"publish","type":"post","link":"https:\/\/www.europesays.com\/fr\/103266\/","title":{"rendered":"louer des cellules ailleurs en Europe, est-ce vraiment une solution s\u00e9rieuse\u00a0?"},"content":{"rendered":"<p>            Par<br \/>\n        <strong><br \/>\n            <a href=\"https:\/\/actu.fr\/auteur\/redaction-actu\" title=\"Consulter tous les articles de R\u00e9daction Actu\" target=\"_blank\" rel=\"noopener\">R\u00e9daction Actu<\/a><br \/>\n        <\/strong><\/p>\n<p>        Publi\u00e9 le<\/p>\n<p>            15 mai 2025 \u00e0 20h28        <\/p>\n<p>Pour rem\u00e9dier au probl\u00e8me persistant de la surpopulation carc\u00e9rale, les autorit\u00e9s fran\u00e7aises r\u00e9fl\u00e9chissent entre autres \u00e0 la possibilit\u00e9 de louer des places de prison dans d\u2019autres \u00e9tablissements p\u00e9nitentiaires en Europe. Une solution d\u00e9j\u00e0 mise en \u0153uvre ou envisag\u00e9e par d\u2019autres pays europ\u00e9ens, mais qui soul\u00e8ve de nombreuses questions.<\/p>\n<p>Une piste encore tr\u00e8s floue<\/p>\n<p class=\" wall-content\">Emmanuel Macron s\u2019est dit <a href=\"https:\/\/actu.fr\/politique\/emmanuel-macron-sur-tf1-referendum-fin-de-vie-ukraine-suivez-en-direct-l-emission-avec-le-chef-de-l-etat_62629335.html\" target=\"_blank\" rel=\"noopener\">mardi 13 mai 2025<\/a> favorable \u00e0 <strong>la possibilit\u00e9 de \u00ab\u00a0louer\u00a0\u00bb des places de prison<\/strong> <strong>dans d\u2019autres pays \u00ab\u00a0si besoin\u00a0\u00bb<\/strong>, assurant qu\u2019il n\u2019y avait \u00ab\u00a0pas de tabou l\u00e0-dessus\u00a0\u00bb.<\/p>\n<p class=\" wall-content\">Cette id\u00e9e avait \u00e9t\u00e9 \u00e9voqu\u00e9e une premi\u00e8re fois en mars dernier par le garde des Sceaux G\u00e9rald Darmanin dans une interview au Journal du Dimanche (JDD), qui disait \u00ab\u00a0\u00e9tudier\u00a0\u00bb la question et n\u2019avoir \u00ab\u00a0pour le moment aucun contre-avis juridique\u00a0\u00bb.<\/p>\n<p class=\" wall-content\">La France figure parmi <strong>les mauvais \u00e9l\u00e8ves en Europe en termes de surpopulation carc\u00e9rale<\/strong>, en troisi\u00e8me position derri\u00e8re Chypre et la Roumanie, selon une \u00e9tude publi\u00e9e en juin 2024 par le Conseil de l\u2019Europe. Au 1\u1d49\u02b3 avril, le nombre <a href=\"https:\/\/actu.fr\/societe\/le-gouvernement-veut-faire-payer-les-detenus-mais-au-fait-combien-coutent-ils-a-la-france-chaque-jour_62571755.html\" target=\"_blank\" rel=\"noopener\">de d\u00e9tenus<\/a> dans les prisons fran\u00e7aises \u00e9tait de 82.921 pour 62.358 places op\u00e9rationnelles, un niveau in\u00e9gal\u00e9.<\/p>\n<p class=\" wall-content\">Dans ce contexte, les autorit\u00e9s r\u00e9fl\u00e9chissent \u00e0 transf\u00e9rer certains d\u00e9tenus \u2013 a priori de nationalit\u00e9 \u00e9trang\u00e8re \u2013 vers les pays de l\u2019Est, selon une source proche du dossier.<\/p>\n<p>Vid\u00e9os : en ce moment sur Actu<\/p>\n<p class=\" wall-content\">Mais rien n\u2019est encore d\u00e9cid\u00e9. Plusieurs points sont \u00e0 l\u2019\u00e9tude : une telle mesure n\u00e9cessite-t-elle de passer par une loi ou peut-elle se faire par voie r\u00e9glementaire ? Quel type de d\u00e9tenus pourraient \u00eatre envoy\u00e9s dans ces prisons ? Avec quelle structure, publique ou priv\u00e9e, conclure un accord ?<\/p>\n<p class=\" wall-content\">Selon une autre source proche du dossier, cette id\u00e9e pose des probl\u00e8mes tr\u00e8s concrets, sur le droit applicable dans ces prisons, sur le rapport des d\u00e9tenus avec les personnels p\u00e9nitentiaires et la question de la langue. Sans compter que cela pourrait co\u00fbter tr\u00e8s cher, entre les frais de location et les co\u00fbts d\u2019acheminement des prisonniers. En tout \u00e9tat de cause, cette solution ne peut \u00eatre utilis\u00e9e que \u00ab\u00a0de fa\u00e7on tr\u00e8s marginale\u00a0\u00bb, estime cette personne.<\/p>\n<p>Une id\u00e9e inspir\u00e9e d\u2019exemples \u00e0 l\u2019\u00e9tranger<\/p>\n<p class=\" wall-content\">Cette solution a d\u00e9j\u00e0 \u00e9t\u00e9 employ\u00e9e, ou est aussi en r\u00e9flexion, ailleurs en Europe.<\/p>\n<p class=\" wall-content\">Un accord a ainsi \u00e9t\u00e9 conclu entre le Danemark et le Kosovo qui va lui louer 300 places dans l\u2019une de ses prisons pour une dur\u00e9e de 10 ans et un montant de 200 millions d\u2019euros. Des travaux sont en cours dans <a href=\"https:\/\/actu.fr\/monde\/donald-trump-veut-rouvrir-alcatraz-cinq-choses-a-savoir-sur-cette-prison-legendaire-fermee-depuis-62-ans_62595448.html\" target=\"_blank\" rel=\"noopener\">la prison<\/a> destin\u00e9e \u00e0 recevoir ces d\u00e9tenus. Les premiers transferts de prisonniers vers le Kosovo sont pr\u00e9vus pour le 1\u1d49\u02b3 avril 2027.<\/p>\n<p class=\" wall-content\">En Belgique, le gouvernement dirig\u00e9 par le conservateur flamand Bart De Wever est officiellement \u00e0 la recherche de solutions d\u2019externalisation comparables \u00e0 ce qui a exist\u00e9 entre 2010 et 2016 avec les Pays-Bas : la prison de Tilburg y avait accueilli il y a une d\u00e9cennie jusqu\u2019\u00e0 650 d\u00e9tenus belges pour all\u00e9ger la situation de surpopulation carc\u00e9rale chronique en Belgique.<\/p>\n<p class=\" wall-content\">L\u2019accord de coop\u00e9ration a pris fin en d\u00e9cembre 2016, l\u2019administration belge estimant alors que la construction de trois prisons, en 2013 et 2014, avait en partie r\u00e9solu le probl\u00e8me.<\/p>\n<p class=\" wall-content\">Mais compte tenu de \u00ab\u00a0l\u2019\u00e9norme pression\u00a0\u00bb qui p\u00e8se sur les prisons belges (13.000 d\u00e9tenus pour 11.000 places d\u00e9but 2025), le gouvernement f\u00e9d\u00e9ral cherche \u00e0 nouer de nouveaux accords avec des pays europ\u00e9ens, dans le respect du droit international, selon le texte de l\u2019accord de coalition du 31 janvier 2025.\u00a0<\/p>\n<p class=\" wall-content\">Et ceci pour y envoyer les d\u00e9tenus en situation irr\u00e9guli\u00e8re ayant \u00e9t\u00e9 condamn\u00e9s d\u00e9finitivement, \u00ab\u00a0si le transf\u00e8rement (dans leur pays d\u2019origine, ndlr)\u00a0n\u2019est pas possible ni souhaitable\u00a0\u00bb, souligne le texte.<\/p>\n<p class=\" wall-content\">La Su\u00e8de m\u00e8ne de son c\u00f4t\u00e9 des discussions avec l\u2019Estonie pour louer des places dans la prison de Tartu notamment. Une d\u00e9cision est attendue \u00ab\u00a0au printemps\u00a0\u00bb, selon le minist\u00e8re de la Justice. Stockholm discute aussi avec les Pays-Bas, mais seul l\u2019un de ces deux pays pourra \u00eatre retenu pour un accord de coop\u00e9ration carc\u00e9rale.<\/p>\n<p class=\" wall-content\">Au Royaume-Uni, la possibilit\u00e9 d\u2019envoyer des d\u00e9tenus aussi en Estonie a un temps \u00e9t\u00e9 \u00e9voqu\u00e9e mais rien d\u2019officiel n\u2019a \u00e9t\u00e9 annonc\u00e9. Le gouvernement actuel semble prendre ses distances avec cette id\u00e9e.<\/p>\n<p class=\" wall-content\"><strong>Avec AFP<\/strong><\/p>\n<p class=\" wall-content\">Suivez toute l\u2019actualit\u00e9 de vos villes et m\u00e9dias favoris en vous inscrivant \u00e0 <a href=\"https:\/\/moncompte.actu.fr\" title=\"D\u00e9couvez Mon Actu\" rel=\"nofollow noopener\" data-trk=\"{&quot;cta&quot;:{&quot;action&quot;:&quot;https:\\\/\\\/moncompte.actu.fr&quot;,&quot;category&quot;:&quot;mon compte&quot;,&quot;from&quot;:&quot;article footer&quot;,&quot;name&quot;:&quot;Mon actu&quot;,&quot;type&quot;:&quot;cta&quot;}}\" target=\"_blank\">Mon Actu<\/a>.<\/p>\n","protected":false},"excerpt":{"rendered":"Par R\u00e9daction Actu Publi\u00e9 le 15 mai 2025 \u00e0 20h28 Pour rem\u00e9dier au probl\u00e8me persistant de la surpopulation&hellip;\n","protected":false},"author":2,"featured_media":103267,"comment_status":"","ping_status":"","sticky":false,"template":"","format":"standard","meta":{"footnotes":""},"categories":[1586],"tags":[11,1073,1777,674,1011,27,12,899,25,104],"class_list":{"0":"post-103266","1":"post","2":"type-post","3":"status-publish","4":"format-standard","5":"has-post-thumbnail","7":"category-europe","8":"tag-actualites","9":"tag-emmanuel-macron","10":"tag-eu","11":"tag-europe","12":"tag-fr","13":"tag-france","14":"tag-news","15":"tag-prisons","16":"tag-republique-francaise","17":"tag-societe"},"share_on_mastodon":{"url":"https:\/\/pubeurope.com\/@fr\/114514915697633439","error":""},"_links":{"self":[{"href":"https:\/\/www.europesays.com\/fr\/wp-json\/wp\/v2\/posts\/103266","targetHints":{"allow":["GET"]}}],"collection":[{"href":"https:\/\/www.europesays.com\/fr\/wp-json\/wp\/v2\/posts"}],"about":[{"href":"https:\/\/www.europesays.com\/fr\/wp-json\/wp\/v2\/types\/post"}],"author":[{"embeddable":true,"href":"https:\/\/www.europesays.com\/fr\/wp-json\/wp\/v2\/users\/2"}],"replies":[{"embeddable":true,"href":"https:\/\/www.europesays.com\/fr\/wp-json\/wp\/v2\/comments?post=103266"}],"version-history":[{"count":0,"href":"https:\/\/www.europesays.com\/fr\/wp-json\/wp\/v2\/posts\/103266\/revisions"}],"wp:featuredmedia":[{"embeddable":true,"href":"https:\/\/www.europesays.com\/fr\/wp-json\/wp\/v2\/media\/103267"}],"wp:attachment":[{"href":"https:\/\/www.europesays.com\/fr\/wp-json\/wp\/v2\/media?parent=103266"}],"wp:term":[{"taxonomy":"category","embeddable":true,"href":"https:\/\/www.europesays.com\/fr\/wp-json\/wp\/v2\/categories?post=103266"},{"taxonomy":"post_tag","embeddable":true,"href":"https:\/\/www.europesays.com\/fr\/wp-json\/wp\/v2\/tags?post=103266"}],"curies":[{"name":"wp","href":"https:\/\/api.w.org\/{rel}","templated":true}]}}