{"id":103272,"date":"2025-05-16T01:30:14","date_gmt":"2025-05-16T01:30:14","guid":{"rendered":"https:\/\/www.europesays.com\/fr\/103272\/"},"modified":"2025-05-16T01:30:14","modified_gmt":"2025-05-16T01:30:14","slug":"francois-bayrou-est-passe-de-chantre-de-la-liberte-dinformer-a-contempteur-des-medias-mediapart","status":"publish","type":"post","link":"https:\/\/www.europesays.com\/fr\/103272\/","title":{"rendered":"Fran\u00e7ois Bayrou est pass\u00e9 de chantre de la libert\u00e9 d\u2019informer \u00e0 contempteur des m\u00e9dias &#8211; Mediapart"},"content":{"rendered":"<ol>\n<li><a href=\"https:\/\/news.google.com\/rss\/articles\/CBMizwFBVV95cUxQcGZnZmdCaF9sQmV5dV8xU1ZOOWxMUDB2SzJMY2tiOXo4ajZsY0RjRHo0Ui0wU2JuemdhVjdXNjY1b2N4cVFUSTZicnlDdXRxeGZlSW91NlRrVWM3NTFDNWwtbjFITEZzNjhyQ2FDTXNFdDBXVHFmVUV1NkVwM1lHTElOWGJIWmtzdXFWVnd0TzNIbzc4NlZfSUl4YWJpb3ZpYTNTM25XLVJ2b0J5WDFhaFlmNGs0aHRzQTlGXzd6NFVSd01UT2Rrd1pCd1YtcG8?oc=5\" target=\"_blank\" rel=\"noopener\">Fran\u00e7ois Bayrou est pass\u00e9 de chantre de la libert\u00e9 d\u2019informer \u00e0 contempteur des m\u00e9dias<\/a>&nbsp;&nbsp;Mediapart<\/li>\n<li><a href=\"https:\/\/news.google.com\/rss\/articles\/CBMinwFBVV95cUxONVBLZjJrMUtWSWxpSzJQNVJWNTY1Y1RQYjVnMGljdnVwR2M4WXR0VERNZjFHZWpqTFA5MEZQanVnRFpPUmVfQXFjM2lGUldraTRzdWdHOHpBeVM2RlIxYmloeERrZmtzZGdJdHBmUU5raHhHMlNDMDNPcmVQb05aa1QtMFA3bkxvSG5wQ3NjaHRFNVhheWpQbUg1WnhiXzQ?oc=5\" target=\"_blank\" rel=\"noopener\">Affaire B\u00e9tharram : ces gifles qui d\u00e9shonorent La France insoumise<\/a>&nbsp;&nbsp;l&rsquo;Opinion<\/li>\n<li><a href=\"https:\/\/news.google.com\/rss\/articles\/CBMingJBVV95cUxNSFFqRVNBQ042Mm9xb1VOZHMzeGNqNWtUaHplWTl5M1RHdE85VGpCS1J5WEJBXzR6R2NXRVJpbzhkRERleEo3b3B2LVdtcnF4cERHZUJELU5iZUpObE1Vb1dTM3RDakpDX2hxM0RXcjlnUzRxTjJ3NV9EODZ3cXIyZGRGTkljNml5QS1qWXhUV0tvaG40TkRxczZBY0NQb2ZxNXBnenNNWXBlS2cwTTZ0Y0JoOHV3RmVjM2VmWU1ac0RJYmFFaTlnckVGZ2ZTWFFQT013WENRdzY3aTBvQW1Ub0M2dEdrVGdNZ1RfUENWQ2FsMkU3ZmxlWlMxd2ZtYV9NM1hwMWlBTlNveG9Ta3Jvc2lYd291bC0tNEQ0YUFB?oc=5\" target=\"_blank\" rel=\"noopener\">Selon le d\u00e9put\u00e9 LFI Paul Vannier, qui l\u2019a auditionn\u00e9, Fran\u00e7ois Bayrou a reconnu sous serment avoir \u00ab menti \u00bb sur l\u2019affaire de B\u00e9tharram devant l\u2019Assembl\u00e9e<\/a>&nbsp;&nbsp;Le Monde.fr<\/li>\n<li><a href=\"https:\/\/news.google.com\/rss\/articles\/CBMi8AFBVV95cUxOQTJ1S08yRWFtb2x0WVo5WGNWUE52TGVHa0UxTTdwYkVNXzhMTGI4ajBVdnJSYXRudFpuQUhmejd1MlVjSzRFazNoREJjQlhwaUVFdzhOdWoycUs1eFlFYi1zNHkwYkRUZDNjTXFVeTdhY0hzVEVzbXZoQkh1OE1lclBqd0M4NEtLRHo4LVV6ejJMSXhic1Q1MlVMTklmMXpNTEY2OENmQ2VsdS16XzJjcWRLekVuV1FOcERNWFB2RUNIbFBHcV93aXR6Ym9zc1dNb3ZOamcwS252dmRWb1NKLXZQZEtjdm4tYmlrTjZSSkM?oc=5\" target=\"_blank\" rel=\"noopener\">Affaire B\u00e9tharram : \u00ab Son but \u00e9tait de m\u2019agresser \u00bb, les \u00ab affabulateurs \u00bb r\u00e9pondent \u00e0 Fran\u00e7ois Bayrou<\/a>&nbsp;&nbsp;Sud Ouest<\/li>\n<li><a href=\"https:\/\/news.google.com\/rss\/articles\/CBMirwFBVV95cUxOeEFqVWY1eURrSjlCbGZKM3JoZmtUYmVMZGFadEdPM282YkpUUThqY3dLd205a21TajZnenlpbmJkZU11ZElEOVhWa2pSTGRJd1JlbzNWS0c3Z1BCcm5vT0lDekRSbXIzMW1NVFVrZUZGenBndFBnaWJoNklhVV9wVGJzWWtpaE5aN3Fnamp2eHZGd1hVck13V18zVmVqMFFlek9LeEs2dll2QjBBb1Y0?oc=5\" target=\"_blank\" rel=\"noopener\">D\u00e9ni, mensonges : Mediapart d\u00e9crypte l\u2019audition de Fran\u00e7ois Bayrou<\/a>&nbsp;&nbsp;Mediapart<\/li>\n<\/ol>\n","protected":false},"excerpt":{"rendered":"Fran\u00e7ois Bayrou est pass\u00e9 de chantre de la libert\u00e9 d\u2019informer \u00e0 contempteur des m\u00e9dias&nbsp;&nbsp;Mediapart Affaire B\u00e9tharram : ces&hellip;\n","protected":false},"author":2,"featured_media":103273,"comment_status":"","ping_status":"","sticky":false,"template":"","format":"standard","meta":{"footnotes":""},"categories":[2],"tags":[11,21738,1011,27,431,10402,21026,12,6270,25],"class_list":{"0":"post-103272","1":"post","2":"type-post","3":"status-publish","4":"format-standard","5":"has-post-thumbnail","7":"category-actualites","8":"tag-actualites","9":"tag-elysee-et-gouvernement","10":"tag-fr","11":"tag-france","12":"tag-francois-bayrou","13":"tag-liberte-de-la-presse","14":"tag-mediapart","15":"tag-news","16":"tag-notre-dame-de-betharram","17":"tag-republique-francaise"},"share_on_mastodon":{"url":"https:\/\/pubeurope.com\/@fr\/114514927526259284","error":""},"_links":{"self":[{"href":"https:\/\/www.europesays.com\/fr\/wp-json\/wp\/v2\/posts\/103272","targetHints":{"allow":["GET"]}}],"collection":[{"href":"https:\/\/www.europesays.com\/fr\/wp-json\/wp\/v2\/posts"}],"about":[{"href":"https:\/\/www.europesays.com\/fr\/wp-json\/wp\/v2\/types\/post"}],"author":[{"embeddable":true,"href":"https:\/\/www.europesays.com\/fr\/wp-json\/wp\/v2\/users\/2"}],"replies":[{"embeddable":true,"href":"https:\/\/www.europesays.com\/fr\/wp-json\/wp\/v2\/comments?post=103272"}],"version-history":[{"count":0,"href":"https:\/\/www.europesays.com\/fr\/wp-json\/wp\/v2\/posts\/103272\/revisions"}],"wp:featuredmedia":[{"embeddable":true,"href":"https:\/\/www.europesays.com\/fr\/wp-json\/wp\/v2\/media\/103273"}],"wp:attachment":[{"href":"https:\/\/www.europesays.com\/fr\/wp-json\/wp\/v2\/media?parent=103272"}],"wp:term":[{"taxonomy":"category","embeddable":true,"href":"https:\/\/www.europesays.com\/fr\/wp-json\/wp\/v2\/categories?post=103272"},{"taxonomy":"post_tag","embeddable":true,"href":"https:\/\/www.europesays.com\/fr\/wp-json\/wp\/v2\/tags?post=103272"}],"curies":[{"name":"wp","href":"https:\/\/api.w.org\/{rel}","templated":true}]}}