{"id":1032758,"date":"2026-06-29T19:34:02","date_gmt":"2026-06-29T19:34:02","guid":{"rendered":"https:\/\/www.europesays.com\/fr\/1032758\/"},"modified":"2026-06-29T19:34:02","modified_gmt":"2026-06-29T19:34:02","slug":"canicule-en-seine-maritime-42c-a-rouen-des-orages-violents-attendus-des-ce-vendredi-soir","status":"publish","type":"post","link":"https:\/\/www.europesays.com\/fr\/1032758\/","title":{"rendered":"Canicule en Seine-Maritime : 42\u00b0C \u00e0 Rouen, des orages violents attendus d\u00e8s ce vendredi soir"},"content":{"rendered":"<p>\t\t\t\t\t Les cons\u00e9quences sanitaires de la canicule continuent de s\u2019aggraver. Jeudi, les Samu de Rouen et du Havre ont r\u00e9alis\u00e9 232 interventions directement li\u00e9es aux fortes chaleurs, contre 104 mercredi et 86 mardi. Les services d\u2019urgence, en particulier au CHU de Rouen, ont enregistr\u00e9 une nette hausse de leur activit\u00e9. <\/p>\n<p>Les personnes \u00e2g\u00e9es et les plus fragiles sont les principales victimes de d\u00e9shydratations et de malaises n\u00e9cessitant une prise en charge hospitali\u00e8re. <\/p>\n<p>Les restrictions d\u00e9cid\u00e9es par le pr\u00e9fet restent en vigueur. Les interdictions des manifestations sportives en ext\u00e9rieur, de consommation et de vente d\u2019alcool sur le domaine public sont prolong\u00e9es jusqu\u2019\u00e0 la fin des vigilances rouge puis orange. Les interdictions de feux d\u2019artifice, de travaux agricoles et forestiers aux heures les plus chaudes demeurent applicables jusqu\u2019\u00e0 vendredi soir. <\/p>\n<p>Enfin, la pr\u00e9fecture renouvelle son appel \u00e0 la prudence face au risque de noyade. Plusieurs interventions de secours ont encore eu lieu jeudi. Un jeune homme de 19 ans est d\u00e9c\u00e9d\u00e9 sur la base de loisirs de Jumi\u00e8ges. Les autorit\u00e9s rappellent qu\u2019il est imp\u00e9ratif de se baigner uniquement dans des zones surveill\u00e9es, d\u2019entrer progressivement dans l\u2019eau afin d\u2019\u00e9viter un choc thermique et de ne jamais laisser les jeunes enfants sans surveillance, m\u00eame dans une faible profondeur d\u2019eau. <br \/>\u00a0\n\t\t\t\t <\/p>\n","protected":false},"excerpt":{"rendered":"Les cons\u00e9quences sanitaires de la canicule continuent de s\u2019aggraver. Jeudi, les Samu de Rouen et du Havre ont&hellip;\n","protected":false},"author":2,"featured_media":1032759,"comment_status":"","ping_status":"","sticky":false,"template":"","format":"standard","meta":{"footnotes":"","_share_on_mastodon":"0"},"categories":[9587],"tags":[1111,11,6698,1777,674,1011,27,12,5161,40684,4594,80530,25,9590,5163,35567],"class_list":["post-1032758","post","type-post","status-publish","format-standard","has-post-thumbnail","category-rouen","tag-actu","tag-actualites","tag-canicule","tag-eu","tag-europe","tag-fr","tag-france","tag-news","tag-normandie","tag-noyades","tag-orages","tag-personne-vulnerable","tag-republique-francaise","tag-rouen","tag-seine-maritime","tag-vigilance-rouge"],"share_on_mastodon":{"url":"https:\/\/pubeurope.com\/@fr\/116835075104196195","error":""},"_links":{"self":[{"href":"https:\/\/www.europesays.com\/fr\/wp-json\/wp\/v2\/posts\/1032758","targetHints":{"allow":["GET"]}}],"collection":[{"href":"https:\/\/www.europesays.com\/fr\/wp-json\/wp\/v2\/posts"}],"about":[{"href":"https:\/\/www.europesays.com\/fr\/wp-json\/wp\/v2\/types\/post"}],"author":[{"embeddable":true,"href":"https:\/\/www.europesays.com\/fr\/wp-json\/wp\/v2\/users\/2"}],"replies":[{"embeddable":true,"href":"https:\/\/www.europesays.com\/fr\/wp-json\/wp\/v2\/comments?post=1032758"}],"version-history":[{"count":0,"href":"https:\/\/www.europesays.com\/fr\/wp-json\/wp\/v2\/posts\/1032758\/revisions"}],"wp:featuredmedia":[{"embeddable":true,"href":"https:\/\/www.europesays.com\/fr\/wp-json\/wp\/v2\/media\/1032759"}],"wp:attachment":[{"href":"https:\/\/www.europesays.com\/fr\/wp-json\/wp\/v2\/media?parent=1032758"}],"wp:term":[{"taxonomy":"category","embeddable":true,"href":"https:\/\/www.europesays.com\/fr\/wp-json\/wp\/v2\/categories?post=1032758"},{"taxonomy":"post_tag","embeddable":true,"href":"https:\/\/www.europesays.com\/fr\/wp-json\/wp\/v2\/tags?post=1032758"}],"curies":[{"name":"wp","href":"https:\/\/api.w.org\/{rel}","templated":true}]}}