{"id":1032797,"date":"2026-06-29T19:57:22","date_gmt":"2026-06-29T19:57:22","guid":{"rendered":"https:\/\/www.europesays.com\/fr\/1032797\/"},"modified":"2026-06-29T19:57:22","modified_gmt":"2026-06-29T19:57:22","slug":"lyon-9e-naissance-bienvenue-a-hanna","status":"publish","type":"post","link":"https:\/\/www.europesays.com\/fr\/1032797\/","title":{"rendered":"Lyon 9e | Naissance. Bienvenue \u00e0 Hanna"},"content":{"rendered":"<p>On peut souhaiter la bienvenue \u00e0 la petite Hanna qui a point\u00e9 le bout de son nez, mercredi 17\u00a0juin \u00e0 18\u00a0h\u00a005, au sein de la maternit\u00e9 de l\u2019h\u00f4pital Lyon Sud.<\/p>\n<p>Le b\u00e9b\u00e9 qui pesait 3, 400\u00a0kg \u00e0 la naissance, a fait la connaissance de ses parents, Aliz\u00e9 et Chemseddin, de sa grande s\u0153ur de 4 ans, Inaya, et de son autre grande s\u0153ur de 2 ans, Rose.<\/p>\n<p>La famille a f\u00eat\u00e9 cet heureux \u00e9v\u00e9nement dans le nouveau foyer d\u2019Hanna, aupr\u00e8s de ses parents et de ses s\u0153urs \u00e0 Lyon\u00a09e.<\/p>\n","protected":false},"excerpt":{"rendered":"On peut souhaiter la bienvenue \u00e0 la petite Hanna qui a point\u00e9 le bout de son nez, mercredi&hellip;\n","protected":false},"author":2,"featured_media":1032798,"comment_status":"","ping_status":"","sticky":false,"template":"","format":"standard","meta":{"footnotes":"","_share_on_mastodon":"0"},"categories":[1889],"tags":[1111,11,2430,9223,3154,1777,674,1011,27,2428,198,12,15665,15666,25,104],"class_list":["post-1032797","post","type-post","status-publish","format-standard","has-post-thumbnail","category-lyon","tag-actu","tag-actualites","tag-auvergne-rhone-alpes","tag-carnet-du-jour","tag-edition-sud-lyonnais","tag-eu","tag-europe","tag-fr","tag-france","tag-lyon","tag-naissance","tag-news","tag-oullins-pierre-benite","tag-oullins-ville","tag-republique-francaise","tag-societe"],"share_on_mastodon":{"url":"https:\/\/pubeurope.com\/@fr\/116835165561503592","error":""},"_links":{"self":[{"href":"https:\/\/www.europesays.com\/fr\/wp-json\/wp\/v2\/posts\/1032797","targetHints":{"allow":["GET"]}}],"collection":[{"href":"https:\/\/www.europesays.com\/fr\/wp-json\/wp\/v2\/posts"}],"about":[{"href":"https:\/\/www.europesays.com\/fr\/wp-json\/wp\/v2\/types\/post"}],"author":[{"embeddable":true,"href":"https:\/\/www.europesays.com\/fr\/wp-json\/wp\/v2\/users\/2"}],"replies":[{"embeddable":true,"href":"https:\/\/www.europesays.com\/fr\/wp-json\/wp\/v2\/comments?post=1032797"}],"version-history":[{"count":0,"href":"https:\/\/www.europesays.com\/fr\/wp-json\/wp\/v2\/posts\/1032797\/revisions"}],"wp:featuredmedia":[{"embeddable":true,"href":"https:\/\/www.europesays.com\/fr\/wp-json\/wp\/v2\/media\/1032798"}],"wp:attachment":[{"href":"https:\/\/www.europesays.com\/fr\/wp-json\/wp\/v2\/media?parent=1032797"}],"wp:term":[{"taxonomy":"category","embeddable":true,"href":"https:\/\/www.europesays.com\/fr\/wp-json\/wp\/v2\/categories?post=1032797"},{"taxonomy":"post_tag","embeddable":true,"href":"https:\/\/www.europesays.com\/fr\/wp-json\/wp\/v2\/tags?post=1032797"}],"curies":[{"name":"wp","href":"https:\/\/api.w.org\/{rel}","templated":true}]}}