{"id":103287,"date":"2025-05-16T01:41:08","date_gmt":"2025-05-16T01:41:08","guid":{"rendered":"https:\/\/www.europesays.com\/fr\/103287\/"},"modified":"2025-05-16T01:41:08","modified_gmt":"2025-05-16T01:41:08","slug":"bertrand-chameroy-en-maillot-de-bain-dans-c-a-vous-il-sollicite-patrick-cohen-pour-une-sequence-farfelue","status":"publish","type":"post","link":"https:\/\/www.europesays.com\/fr\/103287\/","title":{"rendered":"Bertrand Chameroy en maillot de bain dans C \u00e0 Vous, il sollicite Patrick Cohen pour une s\u00e9quence farfelue"},"content":{"rendered":"<p>Bertrand Chameroy, c\u2019est un peu la dose de bonne humeur et<br \/>\nd\u2019ironie qui pimente chaque soir l\u2019\u00e9mission C \u00e0 Vous sur<br \/>\nFrance 5. Chroniqueur ador\u00e9 des t\u00e9l\u00e9spectateurs, il jongle avec<br \/>\nhumour entre actu et t\u00e9l\u00e9, tout en gardant ce petit grain de folie<br \/>\nqui fait tout son charme.<\/p>\n<p>Mais derri\u00e8re son sourire malicieux, l\u2019animateur n\u2019h\u00e9site pas \u00e0<br \/>\nse livrer avec sinc\u00e9rit\u00e9, prouvant qu\u2019on peut faire rire\u2026 tout en<br \/>\nparlant vrai.<\/p>\n<p>Le chroniqueur absent depuis un certain temps, il<br \/>\ns&rsquo;explique<\/p>\n<p><a href=\"https:\/\/www.closermag.fr\/people\/bertrand-chameroy-en-depression-le-chroniqueur-de-c-a-vous-se-livre-sur-sa-longue-absence-3538348\" rel=\"nofollow noopener\" target=\"_blank\"><br \/>\nBertrand Chameroy<\/a> a r\u00e9v\u00e9l\u00e9 qu\u2019il traversait une p\u00e9riode de<br \/>\nd\u00e9pression, d\u00e9mentant ainsi son excuse initiale d\u2019une \u00ab\u00a0grosse<br \/>\ngrippe\u00a0\u00bb pour justifier son absence sur le plateau de C \u00e0<br \/>\nVous. Dans une interview accord\u00e9e \u00e0 Tribune Dimanche, il a<br \/>\nd\u00e9clar\u00e9 : \u00ab\u00a0R\u00e9cemment, j\u2019ai expliqu\u00e9 qu\u2019il s\u2019agissait d\u2019une<br \/>\ngrosse grippe. En r\u00e9alit\u00e9, le mot exact \u00e9tait<br \/>\n<strong>d\u00e9pression<\/strong>. Je n\u2019ai d\u00e9sormais plus honte de le<br \/>\ndire. Personne ne devrait en avoir honte.\u00a0\u00bb<\/p>\n<p>Il a \u00e9galement confi\u00e9 : \u00ab\u00a0Je me suis enfin \u00e9cout\u00e9. J\u2019avais<br \/>\nbesoin de ces trois semaines de mise au vert pour souffler,<br \/>\ncomprendre, me retrouver, me reconnecter aux belles choses de la<br \/>\nvie. Et parler. C\u2019est essentiel\u00a0\u00bb. Bertrand Chameroy mesure<br \/>\npleinement l\u2019impact que peut avoir sa prise de parole sur ce sujet<br \/>\nencore trop souvent pass\u00e9 sous silence. \u00ab\u00a0Si les<br \/>\n<strong>t\u00e9moignages<\/strong> de personnalit\u00e9s (&#8230;) \u00a0peuvent<br \/>\nen aider ne serait-ce qu\u2019un, ce sera une belle avanc\u00e9e\u00a0\u00bb,<br \/>\nconfie-t-il avec lucidit\u00e9.<\/p>\n<p>Bertrand Chameroy livre une s\u00e9quence<br \/>\nfarfelue en direct sur C \u00e0 vous<\/p>\n<p>Dans l\u2019\u00e9mission C \u00e0 Vous du jeudi 15 mai, la bande a<br \/>\noffert aux t\u00e9l\u00e9spectateurs un moment aussi inattendu qu\u2019hilarant.<br \/>\nEn duplex depuis Cannes, Bertrand Chameroy est apparu\u2026 <strong>en<br \/>\nmaillot de bain<\/strong>, allong\u00e9 sur une serviette, visiblement en<br \/>\npleine s\u00e9ance de bronzette. Une sc\u00e8ne d\u00e9j\u00e0 cocasse, qui a pris une<br \/>\ntournure encore plus loufoque lorsque <a href=\"https:\/\/www.closermag.fr\/people\/cannes-2025-eva-longoria-fait-du-gringue-a-patrick-cohen-et-menace-de-le-deshabiller-en-direct-3544965\" rel=\"nofollow noopener\" target=\"_blank\"><br \/>\nPatrick Cohen<\/a> \u00a0l\u2019a asperg\u00e9 par surprise. R\u00e9action<br \/>\nimm\u00e9diate de l&rsquo;int\u00e9ress\u00e9 : \u00ab\u00a0Patrick ! Qu\u2019est-ce que tu fais<br \/>\nPatrick ? Je rends hommage \u00e0 Alain Delon, on re\u00e7oit Anouchka dans<br \/>\nun instant.\u00a0\u00bb<\/p>\n<p>Ce \u00e0 quoi Patrick r\u00e9plique, hilare : \u00ab\u00a0Ah c\u2019est \u00e7a, c\u2019est<br \/>\nl\u2019hommage.\u00a0\u00bb Amus\u00e9, Bertrand Chameroy encha\u00eene : \u00ab\u00a0Ben oui,<br \/>\nje fais ce que je peux.\u00a0\u00bb Une s\u00e9quence qui a bien fait rire<br \/>\n<a href=\"https:\/\/www.closermag.fr\/people\/cannes-2025-eva-longoria-anne-elisabeth-lemoine-renata-notni-elles-se-vengent-du-nouveau-dress-code-a-la-soiree-loreal-3545200\" rel=\"nofollow noopener\" target=\"_blank\"><br \/>\nAnne-\u00c9lisabeth Lemoine<\/a>, m\u00eame si elle a fini par reprendre les<br \/>\nchoses en main : \u00ab\u00a0<strong>Oh \u00e7a va les gars, l\u00e0<\/strong><br \/>\n?\u00a0\u00bb Les deux comp\u00e8res tentent de se justifier : \u00ab\u00a0Quoi ?<br \/>\nQu\u2019est-ce qui te passe ?\u00a0\u00bb, mais la ma\u00eetresse de c\u00e9r\u00e9monie les<br \/>\nrecadre gentiment : \u00ab\u00a0Vous vous rendez bien compte qu\u2019on a une<br \/>\n\u00e9mission en direct dans 10 minutes ? Tu comptes rester en maillot<br \/>\nde bain jusqu\u2019\u00e0 21h ?\u00a0\u00bb Un moment de t\u00e9l\u00e9 spontan\u00e9, comme on<br \/>\nles aime !<\/p>\n","protected":false},"excerpt":{"rendered":"Bertrand Chameroy, c\u2019est un peu la dose de bonne humeur et d\u2019ironie qui pimente chaque soir l\u2019\u00e9mission C&hellip;\n","protected":false},"author":2,"featured_media":103288,"comment_status":"","ping_status":"","sticky":false,"template":"","format":"standard","meta":{"footnotes":""},"categories":[1359],"tags":[548,11343,5632,58,59,1011,27,973],"class_list":{"0":"post-103287","1":"post","2":"type-post","3":"status-publish","4":"format-standard","5":"has-post-thumbnail","7":"category-people","8":"tag-article-simple","9":"tag-bertrand-chameroy","10":"tag-c-a-vous","11":"tag-divertissement","12":"tag-entertainment","13":"tag-fr","14":"tag-france","15":"tag-people"},"share_on_mastodon":{"url":"https:\/\/pubeurope.com\/@fr\/114514971151711723","error":""},"_links":{"self":[{"href":"https:\/\/www.europesays.com\/fr\/wp-json\/wp\/v2\/posts\/103287","targetHints":{"allow":["GET"]}}],"collection":[{"href":"https:\/\/www.europesays.com\/fr\/wp-json\/wp\/v2\/posts"}],"about":[{"href":"https:\/\/www.europesays.com\/fr\/wp-json\/wp\/v2\/types\/post"}],"author":[{"embeddable":true,"href":"https:\/\/www.europesays.com\/fr\/wp-json\/wp\/v2\/users\/2"}],"replies":[{"embeddable":true,"href":"https:\/\/www.europesays.com\/fr\/wp-json\/wp\/v2\/comments?post=103287"}],"version-history":[{"count":0,"href":"https:\/\/www.europesays.com\/fr\/wp-json\/wp\/v2\/posts\/103287\/revisions"}],"wp:featuredmedia":[{"embeddable":true,"href":"https:\/\/www.europesays.com\/fr\/wp-json\/wp\/v2\/media\/103288"}],"wp:attachment":[{"href":"https:\/\/www.europesays.com\/fr\/wp-json\/wp\/v2\/media?parent=103287"}],"wp:term":[{"taxonomy":"category","embeddable":true,"href":"https:\/\/www.europesays.com\/fr\/wp-json\/wp\/v2\/categories?post=103287"},{"taxonomy":"post_tag","embeddable":true,"href":"https:\/\/www.europesays.com\/fr\/wp-json\/wp\/v2\/tags?post=103287"}],"curies":[{"name":"wp","href":"https:\/\/api.w.org\/{rel}","templated":true}]}}