{"id":1032897,"date":"2026-06-29T21:12:17","date_gmt":"2026-06-29T21:12:17","guid":{"rendered":"https:\/\/www.europesays.com\/fr\/1032897\/"},"modified":"2026-06-29T21:12:17","modified_gmt":"2026-06-29T21:12:17","slug":"vente-girondins-accord-proche-avec-sparta-mais-un-dernier-point-bloque-encore","status":"publish","type":"post","link":"https:\/\/www.europesays.com\/fr\/1032897\/","title":{"rendered":"Vente Girondins : accord proche avec Sparta, mais un dernier point bloque encore"},"content":{"rendered":"<p><img decoding=\"async\" src=\"https:\/\/www.europesays.com\/fr\/wp-content\/uploads\/2026\/06\/671_5525b6b5f039517cd1a711ca36e5a72e.jpg\" alt=\"Vente Girondins : accord proche avec Sparta, mais un dernier point bloque encore\" class=\"img-responsive mt-3\"\/><\/p>\n<p class=\"text-center mb-3\" style=\"font-size: 14px\">\u00a9 Iconsport<\/p>\n<p>      <strong>Les discussions progressent entre toutes les parties<\/strong><\/p>\n<p style=\"text-align: justify;\">Alors que les <a href=\"https:\/\/www.webgirondins.com\/actualite-girondins-dncg-les-girondins-exposes-a-des-sanctions-133685\" target=\"_blank\" rel=\"noopener nofollow\">Girondins de Bordeaux passent ce mardi devant la DNCG<\/a>, les n\u00e9gociations autour de la reprise du club se poursuivent en coulisses.<\/p>\n<p style=\"text-align: justify;\">Selon les informations d\u00e9voil\u00e9es par le journaliste Cl\u00e9ment Carpentier, aucun accord global n&rsquo;a encore \u00e9t\u00e9 trouv\u00e9 entre Bordeaux M\u00e9tropole, G\u00e9rard Lopez et Sparta Capital, mais les \u00e9changes auraient permis d&rsquo;importantes avanc\u00e9es. Les diff\u00e9rentes parties auraient chacune fait un pas vers l&rsquo;autre, rapprochant un peu plus la conclusion d&rsquo;un accord.<\/p>\n<p><strong>Deux dossiers presque boucl\u00e9s<\/strong><\/p>\n<p style=\"text-align: justify;\">D&rsquo;apr\u00e8s ces informations, un accord serait en tr\u00e8s bonne voie concernant le futur loyer du stade. Celui-ci reposerait sur une part fixe et une part diff\u00e9r\u00e9e, qui serait r\u00e9gl\u00e9e sur une p\u00e9riode de 24 mois.<\/p>\n<p style=\"text-align: justify;\">Le deuxi\u00e8me sujet, celui de la valorisation du Stade Atlantique, serait lui aussi quasiment finalis\u00e9. Sparta Capital obtiendrait notamment un droit de regard pendant cinq ans sur une \u00e9ventuelle op\u00e9ration de valorisation du stade en cas de rachat du club.<\/p>\n<p><strong>La garantie de G\u00e9rard Lopez reste le principal blocage<\/strong><\/p>\n<p style=\"text-align: justify;\">Le dernier point de friction concernerait la lettre de garantie de versement des loyers apport\u00e9e par G\u00e9rard Lopez et sa soci\u00e9t\u00e9 Jogo Bonito. Une proc\u00e9dure est en cours pour recouvrer la somme de 20M\u20ac. Sparta et Lopez demandait l&rsquo;annulation de la proc\u00e9dure par la M\u00e9tropole.<\/p>\n<p style=\"text-align: justify;\">Toujours selon Cl\u00e9ment Carpentier, Thomas Cazenave, pr\u00e9sident de Bordeaux M\u00e9tropole, resterait inflexible sur ce dossier. Sparta Capital ne s&rsquo;opposerait d\u00e9sormais plus au maintien de cette garantie, mais G\u00e9rard Lopez n&rsquo;aurait pas encore donn\u00e9 sa r\u00e9ponse d\u00e9finitive. La balle est dans le camp du propri\u00e9taire du FCGB.<\/p>\n<p style=\"text-align: justify;\">C&rsquo;est donc ce point qui pourrait emp\u00eacherait encore la signature d&rsquo;un accord global.<\/p>\n<blockquote class=\"twitter-tweet\">\n<p dir=\"ltr\" lang=\"fr\">:red_circle:\u26bd\ufe0f Deux points presque valid\u00e9s :\u00a0<br \/>&#8211; Un accord est en bonne voie sur le loyer, avec une part fixe et une part diff\u00e9r\u00e9e \u00e0 payer sous 24 mois.\u00a0<br \/>&#8211; Un accord quasiment sur la valorisation du stade et un droit de regard pendant 5 ans pour Sparta Capital en cas de rachat. 2\/6<\/p>\n<p>\u2014 Clement Carpentier (@clementcarpet) <a href=\"https:\/\/x.com\/clementcarpet\/status\/2071660361019797897?ref_src=twsrc%5Etfw\" rel=\"nofollow\">June 29, 2026<\/a>\n<\/p><\/blockquote>\n<p>\u00a0<\/p>\n<p><strong>Une formalisation possible dans les prochaines 48 heures<\/strong><\/p>\n<p style=\"text-align: justify;\">Si les discussions continuent dans cette direction, la finalisation de l&rsquo;op\u00e9ration pourrait intervenir dans les 48 prochaines heures.<\/p>\n<p style=\"text-align: justify;\">Apr\u00e8s avoir envisag\u00e9 un temps de se retirer des n\u00e9gociations, Sparta Capital aurait r\u00e9affirm\u00e9 sa volont\u00e9 de reprendre les Girondins. Le fonds serait pr\u00eat \u00e0 financer l&rsquo;int\u00e9gralit\u00e9 de la saison 2026-2027 avant d&rsquo;acqu\u00e9rir le club \u00e0 moyen terme, avec un projet incluant \u00e9galement une strat\u00e9gie autour de la valorisation immobili\u00e8re du Stade Atlantique.<\/p>\n<p><strong>Le passage devant la DNCG sans les 9 millions d&rsquo;euros<\/strong><\/p>\n<p style=\"text-align: justify;\">Enfin, Cl\u00e9ment Carpentier indique que les dirigeants bordelais savent depuis plusieurs jours qu&rsquo;ils se pr\u00e9senteront devant la DNCG sans les 9 millions d&rsquo;euros attendus pour financer la saison.<\/p>\n<p style=\"text-align: justify;\">Dans ces conditions, le club s&rsquo;exposerait \u00e0 une r\u00e9trogradation administrative ou \u00e0 une exclusion des comp\u00e9titions nationales. Le journaliste pr\u00e9cise \u00e9galement qu&rsquo;un sursis \u00e0 statuer, parfois accord\u00e9 \u00e0 des clubs en cours de reprise, ne semblerait pas \u00eatre une option envisag\u00e9e dans le dossier bordelais.<\/p>\n<p style=\"text-align: justify;\">Le Talk : <a href=\"https:\/\/www.youtube.com\/watch?v=bpb2qe4vw4g&amp;t=472s\" target=\"_blank\" rel=\"noopener nofollow\"><strong>Sparta, DNCG, Lopez\u2026 les jours d\u00e9cisifs sont arriv\u00e9s<\/strong><\/a><\/p>\n<p style=\"text-align: justify;\">\u00a0<\/p>\n<p>Notre podcast court \u00e0 \u00e9couter :<\/p>\n<p class=\"px-0\">\u00c0 lire : <strong><a href=\"https:\/\/www.webgirondins.com\/actualite-girondins-girondins-de-bordeaux-mavuba-sparta-dncg-pourquoi-le-club-reste-silencieux-133678\" target=\"_blank\" rel=\"noopener nofollow\">Mavuba, Sparta, DNCG\u2026 pourquoi le club reste silencieux ?<\/a><\/strong><\/p>\n","protected":false},"excerpt":{"rendered":"\u00a9 Iconsport Les discussions progressent entre toutes les parties Alors que les Girondins de Bordeaux passent ce mardi&hellip;\n","protected":false},"author":2,"featured_media":1032898,"comment_status":"","ping_status":"","sticky":false,"template":"","format":"standard","meta":{"footnotes":"","_share_on_mastodon":"0"},"categories":[2817],"tags":[743,1111,11,29589,17298,3396,17273,1997,17362,107659,4431,13413,10511,19747,1440,2834,1777,674,1011,27,8294,1987,8295,4564,2800,12,2219,15199,3948,41081,25,104006,6077,4100],"class_list":["post-1032897","post","type-post","status-publish","format-standard","has-post-thumbnail","category-bordeaux","tag-accord","tag-actu","tag-actualites","tag-auraient","tag-avance","tag-avec","tag-bloque","tag-bordeaux","tag-capital","tag-considerablement","tag-dernier","tag-devant","tag-discussions","tag-dncg","tag-encore","tag-entre","tag-eu","tag-europe","tag-fr","tag-france","tag-gerard","tag-girondins","tag-lopez","tag-mais","tag-metropole","tag-news","tag-nouvelle-aquitaine","tag-passage","tag-point","tag-proche","tag-republique-francaise","tag-sparta","tag-veille","tag-vente"],"share_on_mastodon":{"url":"https:\/\/pubeurope.com\/@fr\/116835460633450158","error":""},"_links":{"self":[{"href":"https:\/\/www.europesays.com\/fr\/wp-json\/wp\/v2\/posts\/1032897","targetHints":{"allow":["GET"]}}],"collection":[{"href":"https:\/\/www.europesays.com\/fr\/wp-json\/wp\/v2\/posts"}],"about":[{"href":"https:\/\/www.europesays.com\/fr\/wp-json\/wp\/v2\/types\/post"}],"author":[{"embeddable":true,"href":"https:\/\/www.europesays.com\/fr\/wp-json\/wp\/v2\/users\/2"}],"replies":[{"embeddable":true,"href":"https:\/\/www.europesays.com\/fr\/wp-json\/wp\/v2\/comments?post=1032897"}],"version-history":[{"count":0,"href":"https:\/\/www.europesays.com\/fr\/wp-json\/wp\/v2\/posts\/1032897\/revisions"}],"wp:featuredmedia":[{"embeddable":true,"href":"https:\/\/www.europesays.com\/fr\/wp-json\/wp\/v2\/media\/1032898"}],"wp:attachment":[{"href":"https:\/\/www.europesays.com\/fr\/wp-json\/wp\/v2\/media?parent=1032897"}],"wp:term":[{"taxonomy":"category","embeddable":true,"href":"https:\/\/www.europesays.com\/fr\/wp-json\/wp\/v2\/categories?post=1032897"},{"taxonomy":"post_tag","embeddable":true,"href":"https:\/\/www.europesays.com\/fr\/wp-json\/wp\/v2\/tags?post=1032897"}],"curies":[{"name":"wp","href":"https:\/\/api.w.org\/{rel}","templated":true}]}}