{"id":103295,"date":"2025-05-16T01:45:16","date_gmt":"2025-05-16T01:45:16","guid":{"rendered":"https:\/\/www.europesays.com\/fr\/103295\/"},"modified":"2025-05-16T01:45:16","modified_gmt":"2025-05-16T01:45:16","slug":"celine-dion-au-plus-mal-elle-apparait-en-video-mais-cest-tout-sauf-rassurant-sur-sa-sante","status":"publish","type":"post","link":"https:\/\/www.europesays.com\/fr\/103295\/","title":{"rendered":"C\u00e9line Dion au plus mal ? Elle appara\u00eet en vid\u00e9o mais c\u2019est tout sauf rassurant sur sa sant\u00e9"},"content":{"rendered":"<p>Ce mardi 13 mai, France 4 diffusait la premi\u00e8re demi-finale de l\u2019Eurovision 2025. Le tout retransmit depuis la Halle Saint-Jacques de B\u00e2le, en Suisse, pays h\u00f4te gr\u00e2ce \u00e0 la victoire de Nemo l\u2019an pass\u00e9. Parmi les prestations hautes en couleur des premiers candidats, un moment a particuli\u00e8rement marqu\u00e9 les t\u00e9l\u00e9spectateurs. L\u2019intervention surprise de C\u00e9line Dion, ancienne repr\u00e9sentante de la Suisse, qui s\u2019est exprim\u00e9e via un message vid\u00e9o.<\/p>\n<p>La vid\u00e9o avait fuit\u00e9 quelques heures auparavant<\/p>\n<p>La vid\u00e9o de la star qu\u00e9b\u00e9coise avait \u00e9t\u00e9 d\u00e9voil\u00e9e plus t\u00f4t dans la journ\u00e9e. Le tout sur les r\u00e9seaux sociaux et dans les m\u00e9dias. Alimentant les <strong>espoirs<\/strong> d\u2019une apparition en direct. En effet, une r\u00e9p\u00e9tition g\u00e9n\u00e9rale ouverte au public s\u2019est tenue lundi soir, dans les m\u00eames conditions qu\u2019un live. Les spectateurs ont ainsi pu d\u00e9couvrir en avant-premi\u00e8re le message de C\u00e9line Dion. Mais cette r\u00e9p\u00e9tition a jou\u00e9 un mauvais tour aux organisateurs. Plusieurs extraits, dont la mise en sc\u00e8ne de Louane, la candidate fran\u00e7aise, ont fuit\u00e9 en ligne <strong>avant m\u00eame le lancement officiel<\/strong> de la demi-finale. Ces r\u00e9v\u00e9lations anticip\u00e9es ont suscit\u00e9 la col\u00e8re de Martin Green, le directeur de l\u2019\u00e9v\u00e9nement.<\/p>\n<p>Le message troublant de C\u00e9line Dion<\/p>\n<p>Le message vid\u00e9o de C\u00e9line Dion a touch\u00e9 de nombreux fans. Mais certains internautes au regard aff\u00fbt\u00e9 ont vite relev\u00e9 un d\u00e9tail intrigant. La tenue qu\u2019elle porte ! Dans la s\u00e9quence est exactement la m\u00eame que celle (&#8230;)<\/p>\n<p><a href=\"https:\/\/www.closermag.fr\/people\/celine-dion-au-plus-mal-elle-apparait-en-video-mais-cest-tout-sauf-rassurant-sur-sa-sante-3545208\" rel=\"nofollow noopener\" target=\"_blank\" data-ylk=\"slk:Lire la suite sur Closer;elm:context_link;itc:0;sec:content-canvas\" class=\"link \">Lire la suite sur Closer<\/a><\/p>\n<p><a href=\"https:\/\/www.closermag.fr\/royautes\/coup-dur-pour-meghan-markle-avec-ce-nouveau-sondage-elle-se-rapproche-dangereusement-du-prince-andrew-3545370\" rel=\"nofollow noopener\" target=\"_blank\" data-ylk=\"slk:Coup dur pour Meghan Markle : avec ce nouveau sondage, elle se rapproche dangereusement du prince Andrew;elm:context_link;itc:0;sec:content-canvas\" class=\"link \">Coup dur pour Meghan Markle : avec ce nouveau sondage, elle se rapproche dangereusement du prince Andrew<\/a><br \/><a href=\"https:\/\/www.closermag.fr\/vecu\/faits_divers\/affaire-betharram-le-nom-de-segolene-royal-de-nouveau-evoque-jean-michel-aphatie-sinterroge-3545359\" rel=\"nofollow noopener\" target=\"_blank\" data-ylk=\"slk:Affaire B\u00e9tharram : le nom de S\u00e9gol\u00e8ne Royal de nouveau \u00e9voqu\u00e9, Jean-Michel Aphatie s\u2019interroge;elm:context_link;itc:0;sec:content-canvas\" class=\"link \">Affaire B\u00e9tharram : le nom de S\u00e9gol\u00e8ne Royal de nouveau \u00e9voqu\u00e9, Jean-Michel Aphatie s\u2019interroge<\/a><br \/><a href=\"https:\/\/www.closermag.fr\/tv_tele_realite\/c_a_vous\/vous-venez-de-me-mettre-un-coup-anouchka-delon-bouleversee-en-revoyant-des-images-de-son-pere-dans-c-a-vous-3545358\" rel=\"nofollow noopener\" target=\"_blank\" data-ylk=\"slk:\u201cVous venez de me mettre un coup\u201d : Anouchka Delon boulevers\u00e9e en revoyant des images de son p\u00e8re dans C \u00e0 Vous;elm:context_link;itc:0;sec:content-canvas\" class=\"link \">\u201cVous venez de me mettre un coup\u201d : Anouchka Delon boulevers\u00e9e en revoyant des images de son p\u00e8re dans C \u00e0 Vous<\/a><br \/><a href=\"https:\/\/www.closermag.fr\/people\/proces-de-p-diddy-pour-trafic-sexuel-une-video-enigmatique-de-justin-bieber-dechaine-les-internautes-3545352\" rel=\"nofollow noopener\" target=\"_blank\" data-ylk=\"slk:Proc\u00e8s de P.Diddy pour trafic sexuel : une vid\u00e9o \u00e9nigmatique de Justin Bieber d\u00e9cha\u00eene les internautes;elm:context_link;itc:0;sec:content-canvas\" class=\"link \">Proc\u00e8s de P.Diddy pour trafic sexuel : une vid\u00e9o \u00e9nigmatique de Justin Bieber d\u00e9cha\u00eene les internautes<\/a><br \/><a href=\"https:\/\/www.closermag.fr\/tv_tele_realite\/c_a_vous\/bertrand-chameroy-en-maillot-de-bain-dans-c-a-vous-il-sollicite-patrick-cohen-pour-une-sequence-farfelue-3545348\" rel=\"nofollow noopener\" target=\"_blank\" data-ylk=\"slk:Bertrand Chameroy en maillot de bain dans C \u00e0 Vous, il sollicite Patrick Cohen pour une s\u00e9quence farfelue;elm:context_link;itc:0;sec:content-canvas\" class=\"link \">Bertrand Chameroy en maillot de bain dans C \u00e0 Vous, il sollicite Patrick Cohen pour une s\u00e9quence farfelue<\/a><\/p>\n","protected":false},"excerpt":{"rendered":"Ce mardi 13 mai, France 4 diffusait la premi\u00e8re demi-finale de l\u2019Eurovision 2025. Le tout retransmit depuis la&hellip;\n","protected":false},"author":2,"featured_media":103296,"comment_status":"","ping_status":"","sticky":false,"template":"","format":"standard","meta":{"footnotes":""},"categories":[1355],"tags":[7043,58,59,1011,27,1361,873,21978,133],"class_list":{"0":"post-103295","1":"post","2":"type-post","3":"status-publish","4":"format-standard","5":"has-post-thumbnail","7":"category-musique","8":"tag-celine-dion","9":"tag-divertissement","10":"tag-entertainment","11":"tag-fr","12":"tag-france","13":"tag-music","14":"tag-musique","15":"tag-repetition-generale","16":"tag-video"},"share_on_mastodon":{"url":"https:\/\/pubeurope.com\/@fr\/114514986495856637","error":""},"_links":{"self":[{"href":"https:\/\/www.europesays.com\/fr\/wp-json\/wp\/v2\/posts\/103295","targetHints":{"allow":["GET"]}}],"collection":[{"href":"https:\/\/www.europesays.com\/fr\/wp-json\/wp\/v2\/posts"}],"about":[{"href":"https:\/\/www.europesays.com\/fr\/wp-json\/wp\/v2\/types\/post"}],"author":[{"embeddable":true,"href":"https:\/\/www.europesays.com\/fr\/wp-json\/wp\/v2\/users\/2"}],"replies":[{"embeddable":true,"href":"https:\/\/www.europesays.com\/fr\/wp-json\/wp\/v2\/comments?post=103295"}],"version-history":[{"count":0,"href":"https:\/\/www.europesays.com\/fr\/wp-json\/wp\/v2\/posts\/103295\/revisions"}],"wp:featuredmedia":[{"embeddable":true,"href":"https:\/\/www.europesays.com\/fr\/wp-json\/wp\/v2\/media\/103296"}],"wp:attachment":[{"href":"https:\/\/www.europesays.com\/fr\/wp-json\/wp\/v2\/media?parent=103295"}],"wp:term":[{"taxonomy":"category","embeddable":true,"href":"https:\/\/www.europesays.com\/fr\/wp-json\/wp\/v2\/categories?post=103295"},{"taxonomy":"post_tag","embeddable":true,"href":"https:\/\/www.europesays.com\/fr\/wp-json\/wp\/v2\/tags?post=103295"}],"curies":[{"name":"wp","href":"https:\/\/api.w.org\/{rel}","templated":true}]}}