{"id":1032965,"date":"2026-06-29T22:04:26","date_gmt":"2026-06-29T22:04:26","guid":{"rendered":"https:\/\/www.europesays.com\/fr\/1032965\/"},"modified":"2026-06-29T22:04:26","modified_gmt":"2026-06-29T22:04:26","slug":"penurie-de-ram-ou-enorme-complot-les-trois-geants-de-la-memoire-traines-en-justice-pour-entente-illegale","status":"publish","type":"post","link":"https:\/\/www.europesays.com\/fr\/1032965\/","title":{"rendered":"P\u00e9nurie de RAM ou \u00e9norme complot ? Les trois g\u00e9ants de la m\u00e9moire tra\u00een\u00e9s en justice pour entente ill\u00e9gale"},"content":{"rendered":"<p>L\u2019explosion des prix de la m\u00e9moire vive se termine devant les tribunaux. Une action collective en Californie accuse Samsung, SK Hynix et Micron d\u2019avoir artificiellement restreint l\u2019offre de DRAM au profit de l\u2019IA pour gonfler leurs marges.<\/p>\n<p>Et si l\u2019explosion actuelle des prix de la m\u00e9moire vive ne devait rien au hasard, ni m\u00eame \u00e0 la seule fatalit\u00e9 du march\u00e9\u00a0? C\u2019est le pav\u00e9 dans la mare que vient de jeter un collectif de consommateurs et de petites entreprises de la tech. Une action collective explosive a \u00e9t\u00e9 d\u00e9pos\u00e9e devant un tribunal f\u00e9d\u00e9ral de Californie contre le v\u00e9ritable \u00ab\u00a0oligopole\u00a0\u00bb de la m\u00e9moire mondiale\u00a0: les g\u00e9ants sud-cor\u00e9ens Samsung et SK Hynix, ainsi que l\u2019am\u00e9ricain Micron. \u00c0 eux trois, ces mastodontes contr\u00f4lent plus de 90\u00a0% du march\u00e9 de la DRAM. L\u2019accusation est lourde\u00a0: ils auraient profit\u00e9 du boom de l\u2019intelligence artificielle pour orchestrer une entente secr\u00e8te, rar\u00e9fier volontairement les composants grand public et faire grimper les tarifs jusqu\u2019\u00e0 des sommets vertigineux.<\/p>\n<p> Le pivot vers l\u2019IA comme couverture id\u00e9ale\u00a0? <\/p>\n<p>Depuis de longs mois, l\u2019explication officielle des fabricants reste la m\u00eame. Pour r\u00e9pondre \u00e0 la demande gargantuesque des serveurs et des cartes graphiques de pointe, les lignes de production ont \u00e9t\u00e9 massivement r\u00e9orient\u00e9es vers la HBM (m\u00e9moire \u00e0 haute bande passante), beaucoup plus rentable. Sauf que selon la plainte, cette transition industrielle masquerait une manipulation bien plus sombre. Les trois industriels auraient d\u00e9lib\u00e9r\u00e9ment coordonn\u00e9 une baisse drastique de la production de m\u00e9moires conventionnelles DDR3 et DDR4.<\/p>\n<p>En ass\u00e9chant volontairement les canaux de distribution de la RAM classique, les fabricants auraient provoqu\u00e9 une hausse artificielle des prix de pr\u00e8s de 700\u00a0% sur quatre ans selon les plaignants. Dans un march\u00e9 sain et concurrentiel, si un acteur baisse sa production, ses rivaux en profitent normalement pour inonder le march\u00e9 et s\u2019accaparer les clients. Ici, rien de tout cela\u00a0: les trois constructeurs ont r\u00e9duit la voilure simultan\u00e9ment. Un alignement parfait qui s\u2019apparente, selon le recours, \u00e0 un partage de quotas digne d\u2019un cartel.\u00a0Pire, les constructeurs <a href=\"https:\/\/www.01net.com\/actualites\/un-grand-nombre-de-faillites-la-rampocalypse-va-provoquer-un-carnage-dans-lelectronique-grand-public.html\" rel=\"nofollow noopener\" target=\"_blank\">exigeraient d\u00e9sormais trois ans de pr\u00e9paiement pour livrer leurs puces,<\/a> une exigence in\u00e9dite qui asphyxie les petits assembleurs et menace de provoquer une vague de faillites dans l\u2019\u00e9lectronique. R\u00e9cemment, c\u2019est Micron qui a douch\u00e9 les espoirs des consommateurs en r\u00e9v\u00e9lant que <a href=\"https:\/\/www.01net.com\/actualites\/memoire-vive-lespoir-dune-baisse-des-prix-avant-2030-vient-de-mourir.html\" rel=\"nofollow noopener\" target=\"_blank\">l\u2019espoir d\u2019une baisse des prix de la m\u00e9moire vive avant 2030<\/a> venait officiellement de mourir, la firme ayant verrouill\u00e9 16 contrats pluriannuels \u00e0 prix plancher avec ses plus gros clients.<\/p>\n<p> Une surtaxe invisible pay\u00e9e par les consommateurs <\/p>\n<p>Pour les plaignants, les premi\u00e8res victimes de cette entente pr\u00e9sum\u00e9e sont les acheteurs de produits \u00e9lectroniques grand public, qui essuient des hausses de prix en cascade sur des technologies pourtant vieillissantes. L\u2019industrie est pouss\u00e9e \u00e0 bout. C\u2019est ce goulot d\u2019\u00e9tranglement qui a r\u00e9cemment contraint Microsoft \u00e0 <a href=\"https:\/\/www.01net.com\/actualites\/microsoft-assomme-les-joueurs-une-hausse-de-prix-historique-pour-les-xbox-avant-gta-6.html\" rel=\"nofollow noopener\" target=\"_blank\">assommer les joueurs en augmentant le prix de toutes ses consoles Xbox<\/a> jusqu\u2019\u00e0 150 dollars, citant des co\u00fbts de m\u00e9moire devenus impossibles \u00e0 absorber.<\/p>\n<p>M\u00eame combat du c\u00f4t\u00e9 des ordinateurs et des tablettes. Victime de ce m\u00eame \u00e9tranglement, Apple a fait <a href=\"https:\/\/www.01net.com\/actualites\/hausse-de-prix-chez-apple-les-tarifs-des-mac-ipad-homepod-et-apple-tv-explosent.html\" rel=\"nofollow noopener\" target=\"_blank\">exploser les tarifs de la quasi-totalit\u00e9 de son catalogue Mac et iPad<\/a>. Pour tenter de sauver ses marges et contourner le blocage, la firme de Cupertino tente m\u00eame un coup de poker g\u00e9opolitique en n\u00e9gociant <a href=\"https:\/\/www.01net.com\/actualites\/ram-hors-de-prix-apple-pret-a-tout-meme-a-acheter-au-geant-chinois-blackliste-par-la-maison-blanche.html\" rel=\"nofollow noopener\" target=\"_blank\">avec la Maison-Blanche pour acheter sa RAM chez CXMT<\/a>, un fabricant pourtant sur liste noire \u00e0 Washington.<\/p>\n<p> Un lourd pass\u00e9 de r\u00e9cidive <\/p>\n<p>Si la justice am\u00e9ricaine prend l\u2019affaire tr\u00e8s au s\u00e9rieux, c\u2019est que le trio tra\u00eene un passif historique particuli\u00e8rement encombrant. En 2005, Samsung et SK Hynix avaient d\u00e9j\u00e0 plaid\u00e9 coupable devant le D\u00e9partement de la Justice am\u00e9ricain (DoJ) pour une gigantesque affaire d\u2019entente criminelle et de fixation des prix sur le march\u00e9 de la DRAM, se soldant par des centaines de millions de dollars d\u2019amendes et de la prison ferme pour plusieurs cadres. \u00c0 l\u2019\u00e9poque, Micron avait \u00e9vit\u00e9 la sanction en collaborant avec les enqu\u00eateurs. Une seconde alerte avait \u00e9galement secou\u00e9 le march\u00e9 entre 2016 et 2018 lors d\u2019une enqu\u00eate du gouvernement chinois.<\/p>\n<p>Pour l\u2019heure, les trois constructeurs ont simplement indiqu\u00e9 analyser la plainte et pr\u00e9parer leur riposte juridique. La bataille s\u2019annonce rude\u00a0: comme le rappelle <a href=\"https:\/\/www.tomshardware.com\/tech-industry\/samsung-sk-hynix-and-micron-sued-over-alleged-dram-price-fixing-amid-record-memory-costs\" target=\"_blank\" rel=\"false noopener nofollow\">Tom\u2019s Hardware<\/a>, un recours similaire avait d\u00e9j\u00e0 \u00e9t\u00e9 balay\u00e9 par les tribunaux en 2020 faute de preuves formelles d\u2019un accord secret. Si cette fois-ci le recours collectif venait \u00e0 \u00eatre valid\u00e9 et que la fraude est av\u00e9r\u00e9e, les dommages et int\u00e9r\u00eats pourraient \u00eatre tripl\u00e9s, mena\u00e7ant les trois g\u00e9ants de sanctions financi\u00e8res colossales.<\/p>\n<blockquote style=\"border:1px solid grey;border-radius:8px;\">\n<p class=\"text-base text-neutral-700 dark:text-neutral-300\" style=\"color:grey;\">\ud83d\udc49\ud83c\udffb Suivez l\u2019actualit\u00e9 tech en temps r\u00e9el\u00a0: ajoutez 01net \u00e0 vos sources sur <a href=\"https:\/\/profile.google.com\/cp\/CgovbS8wd2Juam1fGhZodHRwczovL3d3dy4wMW5ldC5jb20v?pf=6\" target=\"_blank\" rel=\"nofollow noopener\">Google<\/a>, et abonnez-vous \u00e0 notre canal <a href=\"https:\/\/whatsapp.com\/channel\/0029VaH5gKg6xCSG9nQQhQ1Z\" target=\"_blank\" rel=\"nofollow noopener\">WhatsApp<\/a>.<\/p>\n<\/blockquote>\n","protected":false},"excerpt":{"rendered":"L\u2019explosion des prix de la m\u00e9moire vive se termine devant les tribunaux. Une action collective en Californie accuse&hellip;\n","protected":false},"author":2,"featured_media":1032966,"comment_status":"","ping_status":"","sticky":false,"template":"","format":"standard","meta":{"footnotes":"","_share_on_mastodon":"0"},"categories":[7],"tags":[352,107665,1011,27,107134,107666,612,43,40,41,39,11869,107667,42,44],"class_list":["post-1032965","post","type-post","status-publish","format-standard","has-post-thumbnail","category-sciences-et-technologies","tag-crise","tag-dram","tag-fr","tag-france","tag-memoire-vive","tag-micron","tag-samsung","tag-science","tag-science-and-technology","tag-sciences","tag-sciences-et-technologies","tag-semi-conducteurs","tag-sk-hynix","tag-technologies","tag-technology"],"share_on_mastodon":{"url":"https:\/\/pubeurope.com\/@fr\/116835665175130381","error":""},"_links":{"self":[{"href":"https:\/\/www.europesays.com\/fr\/wp-json\/wp\/v2\/posts\/1032965","targetHints":{"allow":["GET"]}}],"collection":[{"href":"https:\/\/www.europesays.com\/fr\/wp-json\/wp\/v2\/posts"}],"about":[{"href":"https:\/\/www.europesays.com\/fr\/wp-json\/wp\/v2\/types\/post"}],"author":[{"embeddable":true,"href":"https:\/\/www.europesays.com\/fr\/wp-json\/wp\/v2\/users\/2"}],"replies":[{"embeddable":true,"href":"https:\/\/www.europesays.com\/fr\/wp-json\/wp\/v2\/comments?post=1032965"}],"version-history":[{"count":0,"href":"https:\/\/www.europesays.com\/fr\/wp-json\/wp\/v2\/posts\/1032965\/revisions"}],"wp:featuredmedia":[{"embeddable":true,"href":"https:\/\/www.europesays.com\/fr\/wp-json\/wp\/v2\/media\/1032966"}],"wp:attachment":[{"href":"https:\/\/www.europesays.com\/fr\/wp-json\/wp\/v2\/media?parent=1032965"}],"wp:term":[{"taxonomy":"category","embeddable":true,"href":"https:\/\/www.europesays.com\/fr\/wp-json\/wp\/v2\/categories?post=1032965"},{"taxonomy":"post_tag","embeddable":true,"href":"https:\/\/www.europesays.com\/fr\/wp-json\/wp\/v2\/tags?post=1032965"}],"curies":[{"name":"wp","href":"https:\/\/api.w.org\/{rel}","templated":true}]}}