{"id":1032992,"date":"2026-06-29T22:19:38","date_gmt":"2026-06-29T22:19:38","guid":{"rendered":"https:\/\/www.europesays.com\/fr\/1032992\/"},"modified":"2026-06-29T22:19:38","modified_gmt":"2026-06-29T22:19:38","slug":"un-jeune-randonneur-de-19-ans-porte-disparu-en-isere-un-appel-a-temoins-lance","status":"publish","type":"post","link":"https:\/\/www.europesays.com\/fr\/1032992\/","title":{"rendered":"Un jeune randonneur de 19\u00a0ans port\u00e9 disparu en Is\u00e8re, un appel \u00e0 t\u00e9moins lanc\u00e9"},"content":{"rendered":"<p>L\u2019inqui\u00e9tude grandit apr\u00e8s la disparition d\u2019un jeune randonneur dans le massif de\u00a0Belledonne, en Is\u00e8re. Lucas n\u2019a plus donn\u00e9 signe de vie depuis le 24\u00a0juin 2026, apr\u00e8s \u00eatre parti de\u00a0la commune d\u2019Allemond pour rejoindre le pic du Grand Dom\u00e9non, rapporte <a href=\"https:\/\/www.ledauphine.com\/faits-divers-justice\/2026\/06\/27\/un-appel-a-temoins-apres-la-disparition-d-un-jeune-randonneur-dans-le-massif-de-belledonne\" target=\"_blank\" rel=\"nofollow noopener\"> Le Dauphin\u00e9 Lib\u00e9r\u00e9 <\/a>. Ce sapeur-pompier volontaire de 19\u00a0ans devait bivouaquer sur le chemin mais ses proches, sans nouvelles de lui, ont donn\u00e9 l\u2019alerte le jour m\u00eame.<\/p>\n<p>Le t\u00e9l\u00e9phone portable du jeune homme ne r\u00e9pond plus et sa derni\u00e8re localisation a \u00e9t\u00e9 relev\u00e9e dans le secteur de la Grande Lauzi\u00e8re. D\u2019importantes recherches ont \u00e9t\u00e9 engag\u00e9es par les gendarmes du\u00a0Peloton de gendarmerie de haute montagne\u00a0(PGHM) de l\u2019Is\u00e8re ces derniers jours, avec notamment l\u2019utilisation d\u2019un h\u00e9licopt\u00e8re et d\u2019un drone, indique <a href=\"https:\/\/france3-regions.franceinfo.fr\/auvergne-rhone-alpes\/isere\/un-jeune-homme-de-19-ans-disparu-depuis-quatre-jours-en-montagne-un-appel-a-temoins-lance-3377068.html\" target=\"_blank\" rel=\"nofollow noopener\"> France 3\u00a0Auvergne Rh\u00f4ne-Alpes <\/a>. Les battues sur le terrain n\u2019ont rien donn\u00e9\u00a0non plus.<\/p>\n<\/p>\n<p>Un appel \u00e0 t\u00e9moins<\/p>\n<p>Le\u00a0PGHM a donc d\u00e9cid\u00e9 de lancer un appel \u00e0 t\u00e9moins. Lucas est un jeune homme brun de 1\u00a0m 78. Au moment de son d\u00e9part, le randonneur\u00a0portait un t-shirt blanc et \u00e9tait \u00e9quip\u00e9 d\u2019un sac \u00e0 dos noir, de lunettes de soleil et d\u2019une casquette des Lakers. Il pourrait \u00e9galement \u00eatre v\u00eatu d\u2019un coupe-vent noir. Les personnes d\u00e9tenant des informations susceptibles d\u2019aider les enqu\u00eateurs peuvent appeler le\u00a004\u00a076\u00a077\u00a057\u00a070.<\/p>\n<p>Cette disparition intervient alors qu\u2019un autre randonneur, recherch\u00e9 depuis le 14\u00a0juin, a \u00e9t\u00e9 retrouv\u00e9 mort jeudi dernier,\u00a0dans le massif de Belledonne. L\u2019homme de 69\u00a0ans a \u00e9t\u00e9 d\u00e9couvert par la CRS Alpes\u00a0sous le pic Sud du Merlet, a priori\u00a0victime d\u2019une chute mortelle, indique <a href=\"https:\/\/www.ledauphine.com\/faits-divers-justice\/2026\/06\/26\/le-randonneur-disparu-dans-belledonne-retrouve-decede-son-chien-veillait-sur-son-corps\" target=\"_blank\" rel=\"nofollow noopener\"> Le Dauphin\u00e9 Lib\u00e9r\u00e9 <\/a>.<\/p>\n<p>\u00a0<\/p>\n","protected":false},"excerpt":{"rendered":"L\u2019inqui\u00e9tude grandit apr\u00e8s la disparition d\u2019un jeune randonneur dans le massif de\u00a0Belledonne, en Is\u00e8re. Lucas n\u2019a plus donn\u00e9&hellip;\n","protected":false},"author":2,"featured_media":1032993,"comment_status":"","ping_status":"","sticky":false,"template":"","format":"standard","meta":{"footnotes":"","_share_on_mastodon":"0"},"categories":[9566],"tags":[5185,1111,11,1764,7431,2430,5796,1777,674,1011,27,2731,108,3913,9447,12,5396,40934,25,20835,2310],"class_list":["post-1032992","post","type-post","status-publish","format-standard","has-post-thumbnail","category-grenoble","tag-5185","tag-actu","tag-actualites","tag-ans","tag-appel","tag-auvergne-rhone-alpes","tag-disparu","tag-eu","tag-europe","tag-fr","tag-france","tag-grenoble","tag-isere","tag-jeune","tag-lance","tag-news","tag-porte","tag-randonneur","tag-republique-francaise","tag-temoins","tag-toulon"],"share_on_mastodon":{"url":"https:\/\/pubeurope.com\/@fr\/116835723872507395","error":""},"_links":{"self":[{"href":"https:\/\/www.europesays.com\/fr\/wp-json\/wp\/v2\/posts\/1032992","targetHints":{"allow":["GET"]}}],"collection":[{"href":"https:\/\/www.europesays.com\/fr\/wp-json\/wp\/v2\/posts"}],"about":[{"href":"https:\/\/www.europesays.com\/fr\/wp-json\/wp\/v2\/types\/post"}],"author":[{"embeddable":true,"href":"https:\/\/www.europesays.com\/fr\/wp-json\/wp\/v2\/users\/2"}],"replies":[{"embeddable":true,"href":"https:\/\/www.europesays.com\/fr\/wp-json\/wp\/v2\/comments?post=1032992"}],"version-history":[{"count":0,"href":"https:\/\/www.europesays.com\/fr\/wp-json\/wp\/v2\/posts\/1032992\/revisions"}],"wp:featuredmedia":[{"embeddable":true,"href":"https:\/\/www.europesays.com\/fr\/wp-json\/wp\/v2\/media\/1032993"}],"wp:attachment":[{"href":"https:\/\/www.europesays.com\/fr\/wp-json\/wp\/v2\/media?parent=1032992"}],"wp:term":[{"taxonomy":"category","embeddable":true,"href":"https:\/\/www.europesays.com\/fr\/wp-json\/wp\/v2\/categories?post=1032992"},{"taxonomy":"post_tag","embeddable":true,"href":"https:\/\/www.europesays.com\/fr\/wp-json\/wp\/v2\/tags?post=1032992"}],"curies":[{"name":"wp","href":"https:\/\/api.w.org\/{rel}","templated":true}]}}