{"id":103305,"date":"2025-05-16T01:50:10","date_gmt":"2025-05-16T01:50:10","guid":{"rendered":"https:\/\/www.europesays.com\/fr\/103305\/"},"modified":"2025-05-16T01:50:10","modified_gmt":"2025-05-16T01:50:10","slug":"mauvaise-surprise-pour-ces-smartphones-xiaomi-ils-ne-vont-plus-recevoir-de-mises-a-jour","status":"publish","type":"post","link":"https:\/\/www.europesays.com\/fr\/103305\/","title":{"rendered":"Mauvaise surprise pour ces smartphones Xiaomi, ils ne vont plus recevoir de mises \u00e0 jour"},"content":{"rendered":"<p>\u00c0 partir du <strong>27 juin prochain<\/strong>, des smartphones Xiaomi recevront leur toute derni\u00e8re mise \u00e0 jour. Pass\u00e9e cette date, ils n\u2019auront plus acc\u00e8s \u00e0 aucun support officiel, qu\u2019il s\u2019agisse des mises \u00e0 jour du syst\u00e8me d\u2019exploitation Android ou des correctifs de s\u00e9curit\u00e9. Il s\u2019agit principalement de t\u00e9l\u00e9phones des gammes Poco et Redmi, dont des mod\u00e8les r\u00e9cents ayant \u00e9t\u00e9 lanc\u00e9s entre mai et septembre 2022.<\/p>\n<p>Voici la liste des appareils concern\u00e9s\u00a0:<\/p>\n<ul>\n<li><strong>Redmi Note 11T Pro+<\/strong><\/li>\n<li><strong>Redmi Note 11T Pro<\/strong><\/li>\n<li><strong>Redmi K50i<\/strong><\/li>\n<li><strong>Redmi K40S<\/strong><\/li>\n<li><strong>POCO X4 GT<\/strong><\/li>\n<li><strong>POCO F4<\/strong><\/li>\n<li><strong>POCO C40<\/strong><\/li>\n<\/ul>\n<p>Parmi cette liste de sept t\u00e9l\u00e9phones, seuls deux mod\u00e8les (les Redmi K50i et Redmi K40S) n\u2019ont pas \u00e9t\u00e9 distribu\u00e9s en France. Les autres, dont les Redmi Note, font partie de l\u2019une des gammes les plus populaires de la marque chinoise. Il est important de noter que tous ces smartphones resteront fonctionnels, mais ils ne seront plus prot\u00e9g\u00e9s ni am\u00e9lior\u00e9s par le fabricant.<\/p>\n<p>La plupart de ces appareils ont d\u00e9j\u00e0 re\u00e7u leur mise \u00e0 jour d\u2019avril 2025 et devraient encore b\u00e9n\u00e9ficier des mises \u00e0 jour de mai et juin avant la fin du support. Ils termineront leur cycle de mise \u00e0 jour avec <strong>HyperOS 1 bas\u00e9 sur Android 14<\/strong>, une interface qui a apport\u00e9 des am\u00e9liorations importantes. Contrairement \u00e0 ce qui <a href=\"https:\/\/xiaomitime.com\/these-7-poco-and-redmi-phones-to-receive-their-final-update-soon-44703\/\" target=\"_blank\" rel=\"noopener\">semblait \u00eatre pr\u00e9vu initialement<\/a>, plusieurs de ces mod\u00e8les ne passeraient donc pas \u00e0 Hyper OS 2.0. En l\u2019\u00e9tat, il n\u2019y a pas de danger imm\u00e9diat ou d\u2019urgence \u00e0 remplacer un smartphone qui fonctionne encore parfaitement. Il faut n\u00e9anmoins prendre en compte qu\u2019il pourra \u00eatre expos\u00e9 en cas de faille, bien que le constructeur puisse encore d\u00e9ployer un correctif d\u2019urgence en cas de probl\u00e8me majeur.<\/p>\n<p>Un appareil qui ne b\u00e9n\u00e9ficie plus des mises \u00e0 jour peut aussi rencontrer des probl\u00e8mes avec de nouvelles applications. \u00c0 court terme, cela reste toutefois tr\u00e8s peu probable.<\/p>\n<p> D\u00e8s juin 2025, les r\u00e8gles vont changer pour les constructeurs de smartphone <\/p>\n<p>Cette situation souligne l\u2019importance de s\u2019int\u00e9resser \u00e0 la politique de mise \u00e0 jour lors de l\u2019achat d\u2019un nouvel appareil. Il peut \u00eatre frustrant de voir qu\u2019un appareil achet\u00e9 il y a trois ans, ou moins, ne recevra plus de mises \u00e0 jour. Heureusement, le contexte est en train d\u2019\u00e9voluer en Europe. L\u2019Union europ\u00e9enne s\u2019appr\u00eate \u00e0 <strong>obliger les constructeurs de smartphones \u00e0 proposer un minimum de cinq ans de mises \u00e0 jour<\/strong>, et cette nouvelle r\u00e9glementation entrera en vigueur d\u00e8s le 20 juin prochain.<\/p>\n<p style=\"text-align: center;\"><strong>\u00c0 lire\u00a0: <a href=\"https:\/\/www.journaldugeek.com\/2025\/04\/12\/les-smartphones-vont-connaitre-une-revolution-en-juin-voici-ce-qui-change-pour-vous\/\" target=\"_blank\" rel=\"noopener\">Les smartphones vont conna\u00eetre une r\u00e9volution en juin\u00a0: voici ce qui change pour vous<\/a><\/strong><\/p>\n<p>Avec un mat\u00e9riel de plus en plus durable, c\u2019est la partie logicielle qui n\u00e9cessite une attention particuli\u00e8re. Certains fabricants ont d\u00e9j\u00e0 entendu ce message et mettent l\u2019accent sur un suivi logiciel plus long, comme Samsung et Google, qui proposent <strong>jusqu\u2019\u00e0 sept ans de mises \u00e0 jour<\/strong>.<\/p>\n<blockquote>\n<p class=\"text-base text-neutral-700 dark:text-neutral-300\">\ud83d\udfe3 Pour ne manquer aucune news sur le Journal du Geek, abonnez-vous sur <a href=\"https:\/\/news.google.com\/publications\/CAAqBwgKMNr_hAswwYyCAw?hl=fr&amp;gl=FR&amp;ceid=FR%3Afr\" target=\"_blank\" rel=\"noopener\">Google Actualit\u00e9s<\/a> et sur <a href=\"https:\/\/whatsapp.com\/channel\/0029VaClM5y4tRry12tb7D2h\" target=\"_blank\" rel=\"noopener\">notre WhatsApp<\/a>. Et si vous nous adorez, on a <a href=\"https:\/\/www.journaldugeek.com\/newsletter\/\" target=\"_blank\" rel=\"noopener\">une newsletter tous les matins<\/a>.<\/p>\n<\/blockquote>\n","protected":false},"excerpt":{"rendered":"\u00c0 partir du 27 juin prochain, des smartphones Xiaomi recevront leur toute derni\u00e8re mise \u00e0 jour. Pass\u00e9e cette&hellip;\n","protected":false},"author":2,"featured_media":103306,"comment_status":"","ping_status":"","sticky":false,"template":"","format":"standard","meta":{"footnotes":""},"categories":[7],"tags":[1011,27,142,8947,21979,43,40,41,39,42,44,409],"class_list":{"0":"post-103305","1":"post","2":"type-post","3":"status-publish","4":"format-standard","5":"has-post-thumbnail","7":"category-sciences-et-technologies","8":"tag-fr","9":"tag-france","10":"tag-high-tech","11":"tag-mise-a-jour","12":"tag-mise-a-jour-android","13":"tag-science","14":"tag-science-and-technology","15":"tag-sciences","16":"tag-sciences-et-technologies","17":"tag-technologies","18":"tag-technology","19":"tag-xiaomi"},"share_on_mastodon":{"url":"https:\/\/pubeurope.com\/@fr\/114515006153850733","error":""},"_links":{"self":[{"href":"https:\/\/www.europesays.com\/fr\/wp-json\/wp\/v2\/posts\/103305","targetHints":{"allow":["GET"]}}],"collection":[{"href":"https:\/\/www.europesays.com\/fr\/wp-json\/wp\/v2\/posts"}],"about":[{"href":"https:\/\/www.europesays.com\/fr\/wp-json\/wp\/v2\/types\/post"}],"author":[{"embeddable":true,"href":"https:\/\/www.europesays.com\/fr\/wp-json\/wp\/v2\/users\/2"}],"replies":[{"embeddable":true,"href":"https:\/\/www.europesays.com\/fr\/wp-json\/wp\/v2\/comments?post=103305"}],"version-history":[{"count":0,"href":"https:\/\/www.europesays.com\/fr\/wp-json\/wp\/v2\/posts\/103305\/revisions"}],"wp:featuredmedia":[{"embeddable":true,"href":"https:\/\/www.europesays.com\/fr\/wp-json\/wp\/v2\/media\/103306"}],"wp:attachment":[{"href":"https:\/\/www.europesays.com\/fr\/wp-json\/wp\/v2\/media?parent=103305"}],"wp:term":[{"taxonomy":"category","embeddable":true,"href":"https:\/\/www.europesays.com\/fr\/wp-json\/wp\/v2\/categories?post=103305"},{"taxonomy":"post_tag","embeddable":true,"href":"https:\/\/www.europesays.com\/fr\/wp-json\/wp\/v2\/tags?post=103305"}],"curies":[{"name":"wp","href":"https:\/\/api.w.org\/{rel}","templated":true}]}}