{"id":103320,"date":"2025-05-16T01:58:34","date_gmt":"2025-05-16T01:58:34","guid":{"rendered":"https:\/\/www.europesays.com\/fr\/103320\/"},"modified":"2025-05-16T01:58:34","modified_gmt":"2025-05-16T01:58:34","slug":"voici-ou-le-stationnement-sera-reporte","status":"publish","type":"post","link":"https:\/\/www.europesays.com\/fr\/103320\/","title":{"rendered":"voici o\u00f9 le stationnement sera report\u00e9"},"content":{"rendered":"<p>            Par<br \/>\n        <strong><br \/>\n            <a href=\"https:\/\/actu.fr\/auteur\/amandine-mehl\" title=\"Consulter tous les articles de Amandine Mehl\" target=\"_blank\" rel=\"noopener\">Amandine Mehl<\/a><br \/>\n        <\/strong><\/p>\n<p>        Publi\u00e9 le<\/p>\n<p>            15 mai 2025 \u00e0 18h56        <\/p>\n<p>\u00c0 <strong>Nancy<\/strong>, d\u2019ici \u00e0 <strong>2032<\/strong>, la <a href=\"https:\/\/actu.fr\/grand-est\/nancy_54395\/transformation-de-l-ensemble-carnot-leopold-a-nancy-des-terrains-de-sport-attendus-des-cet-ete-2025_62630360.html\" target=\"_blank\" rel=\"noopener\">transformation de l\u2019ensemble Carnot-L\u00e9opold<\/a> sera achev\u00e9e. Parmi les grands changements attendus, on note la <strong>disparition du parking L\u00e9opold<\/strong>.<\/p>\n<p class=\" wall-content\">La municipalit\u00e9 a en effet indiqu\u00e9, mardi 13\u00a0mai, que le <a href=\"https:\/\/actu.fr\/tag\/stationnement\" target=\"_blank\" rel=\"noopener\">stationnement<\/a> <strong>en surface<\/strong> ne serait plus une possibilit\u00e9. Cela afin de permettre une <strong>v\u00e9g\u00e9talisation accrue de l\u2019espace<\/strong>. Explications.<\/p>\n<p>V\u00e9g\u00e9talisation du cours L\u00e9opold \u00e0 Nancy<\/p>\n<p class=\" wall-content\">\u00ab\u2009Concernant l\u2019ensemble Carnot-L\u00e9opold, nous sommes sur <strong>sept hectares<\/strong>. Ce qui en fait <strong>l\u2019un des plus grands ensembles urbains<\/strong> de centre-ville \u00e0 transformer, aujourd\u2019hui, \u00e0 l\u2019\u00e9chelle du pays\u2009\u00bb, a entam\u00e9 le maire, Mathieu Klein.<\/p>\n<p class=\" wall-content\">Actuellement, le site est assez inhospitalier. \u00ab\u2009C\u2019est un endroit que l\u2019on peut \u00eatre amen\u00e9 \u00e0 traverser, mais <strong>pas forc\u00e9ment un ensemble sur lequel on a envie de rester<\/strong>\u2009\u00bb, constate l\u2019\u00e9lu.<\/p>\n<p class=\" wall-content\">Ainsi, pour inverser la tendance, la mairie a d\u00e9cid\u00e9 de <strong>v\u00e9g\u00e9taliser<\/strong> le <a href=\"https:\/\/actu.fr\/grand-est\/nancy_54395\/a-nancy-le-cours-leopold-va-etre-completement-transforme-dans-les-annees-a-venir-voici-le-projet_62638426.html\" target=\"_blank\" rel=\"noopener\">cours L\u00e9opold<\/a> et d\u2019en faire un lieu propice \u00e0 la d\u00e9tente.<\/p>\n<p>Vid\u00e9os : en ce moment sur ActuDoubler la surface du parking Ville Vieille Carnot<\/p>\n<p class=\" wall-content\">Pour y parvenir, le parking, qui dispose de<strong> 339 places<\/strong>, doit <strong>dispara\u00eetre<\/strong>. Pour autant, il n\u2019est <strong>pas question de supprimer<\/strong> d\u00e9finitivement ces places, mais plut\u00f4t de les reporter.<\/p>\n<p class=\" wall-content\">Concr\u00e8tement, l\u2019id\u00e9e est d\u2019<strong>agrandir le parking souterrain Ville-Vieille-Carnot<\/strong> et de doubler sa surface. \u00ab\u2009Aujourd\u2019hui, le parking n\u2019est pr\u00e9sent que jusqu\u2019\u00e0 une certaine partie de la place, soit jusqu\u2019\u00e0 la fontaine. La partie jusqu\u2019\u00e0 l\u2019ob\u00e9lisque n\u2019est pas occup\u00e9e\u2009\u00bb, a d\u00e9taill\u00e9 <strong>Thomas Souverain<\/strong>, adjoint d\u00e9l\u00e9gu\u00e9 au territoire centre, aux mobilit\u00e9s et au stationnement, au domaine public, \u00e0 la foire attractive et aux grandes manifestations.<\/p>\n<p>Un agrandissement \u00e0 18\u00a0millions d\u2019euros<\/p>\n<p class=\" wall-content\">Les <a href=\"https:\/\/actu.fr\/tag\/travaux\" target=\"_blank\" rel=\"noopener\">travaux<\/a> de transformation du site d\u00e9buteront par le parking pour une dur\u00e9e de <strong>20\u00a0mois<\/strong>, selon la municipalit\u00e9.<\/p>\n<p class=\" wall-content\">Le tout pour une enveloppe, prise en charge par la M\u00e9tropole du Grand Nancy, car c\u2019est \u00e0 elle que revient la comp\u00e9tence de gestion des parkings, estim\u00e9e \u00e0 <strong>18\u00a0millions d\u2019euros<\/strong>.<\/p>\n<p class=\" wall-content\">Suivez toute l\u2019actualit\u00e9 de vos villes et m\u00e9dias favoris en vous inscrivant \u00e0 <a href=\"https:\/\/moncompte.actu.fr\" title=\"D\u00e9couvez Mon Actu\" rel=\"nofollow noopener\" data-trk=\"{&quot;cta&quot;:{&quot;action&quot;:&quot;https:\\\/\\\/moncompte.actu.fr&quot;,&quot;category&quot;:&quot;mon compte&quot;,&quot;from&quot;:&quot;article footer&quot;,&quot;name&quot;:&quot;Mon actu&quot;,&quot;type&quot;:&quot;cta&quot;}}\" target=\"_blank\">Mon Actu<\/a>.<\/p>\n","protected":false},"excerpt":{"rendered":"Par Amandine Mehl Publi\u00e9 le 15 mai 2025 \u00e0 18h56 \u00c0 Nancy, d\u2019ici \u00e0 2032, la transformation de&hellip;\n","protected":false},"author":2,"featured_media":103321,"comment_status":"","ping_status":"","sticky":false,"template":"","format":"standard","meta":{"footnotes":""},"categories":[9635],"tags":[1111,11,1777,674,1011,27,775,1702,12,25,104,6173,2086,1352],"class_list":{"0":"post-103320","1":"post","2":"type-post","3":"status-publish","4":"format-standard","5":"has-post-thumbnail","7":"category-nancy","8":"tag-actu","9":"tag-actualites","10":"tag-eu","11":"tag-europe","12":"tag-fr","13":"tag-france","14":"tag-grand-est","15":"tag-nancy","16":"tag-news","17":"tag-republique-francaise","18":"tag-societe","19":"tag-stationnement","20":"tag-travaux","21":"tag-urbanisme"},"share_on_mastodon":{"url":"https:\/\/pubeurope.com\/@fr\/114515037583120135","error":""},"_links":{"self":[{"href":"https:\/\/www.europesays.com\/fr\/wp-json\/wp\/v2\/posts\/103320","targetHints":{"allow":["GET"]}}],"collection":[{"href":"https:\/\/www.europesays.com\/fr\/wp-json\/wp\/v2\/posts"}],"about":[{"href":"https:\/\/www.europesays.com\/fr\/wp-json\/wp\/v2\/types\/post"}],"author":[{"embeddable":true,"href":"https:\/\/www.europesays.com\/fr\/wp-json\/wp\/v2\/users\/2"}],"replies":[{"embeddable":true,"href":"https:\/\/www.europesays.com\/fr\/wp-json\/wp\/v2\/comments?post=103320"}],"version-history":[{"count":0,"href":"https:\/\/www.europesays.com\/fr\/wp-json\/wp\/v2\/posts\/103320\/revisions"}],"wp:featuredmedia":[{"embeddable":true,"href":"https:\/\/www.europesays.com\/fr\/wp-json\/wp\/v2\/media\/103321"}],"wp:attachment":[{"href":"https:\/\/www.europesays.com\/fr\/wp-json\/wp\/v2\/media?parent=103320"}],"wp:term":[{"taxonomy":"category","embeddable":true,"href":"https:\/\/www.europesays.com\/fr\/wp-json\/wp\/v2\/categories?post=103320"},{"taxonomy":"post_tag","embeddable":true,"href":"https:\/\/www.europesays.com\/fr\/wp-json\/wp\/v2\/tags?post=103320"}],"curies":[{"name":"wp","href":"https:\/\/api.w.org\/{rel}","templated":true}]}}