{"id":103326,"date":"2025-05-16T02:02:10","date_gmt":"2025-05-16T02:02:10","guid":{"rendered":"https:\/\/www.europesays.com\/fr\/103326\/"},"modified":"2025-05-16T02:02:10","modified_gmt":"2025-05-16T02:02:10","slug":"playoff-u19-sm-caen-montpellier-hsc-infos-pratiques-infos-match-billet-smc","status":"publish","type":"post","link":"https:\/\/www.europesays.com\/fr\/103326\/","title":{"rendered":"Playoff U19, SM Caen \/ Montpellier HSC : infos pratiques | infos match &#8211; billet SMC"},"content":{"rendered":"<p>                                        Formation<br \/>\n                        le 15\/05\/2025 \u00e0 18:22                    <\/p>\n<p>                <img loading=\"lazy\" decoding=\"async\" src=\"https:\/\/www.europesays.com\/fr\/wp-content\/uploads\/2025\/05\/img_6606.jpg\" width=\"870\" height=\"550\" alt=\"Les U19 du Stade Malherbe Caen d\u00e9butent leur parcours en playoffs avec la r\u00e9ception de Montpellier dimanche \"\/>                                    <\/p>\n<p>Les U19 du Stade Malherbe Caen d\u00e9butent leur parcours en playoffs avec la r\u00e9ception de Montpellier dimanche <\/p>\n<p style=\"text-align: justify;\">Apr\u00e8s avoir termin\u00e9 champions du groupe A au terme de la saison r\u00e9guli\u00e8re 2024 \/ 2025, les U19 Stade Malherbe Caen s&rsquo;appr\u00eatent \u00e0 disputer les playoffs. Les joueurs de Gilles Fabien re\u00e7oivent ce dimanche Montpellier en quart de finale, coup-d&rsquo;envoi \u00e0 15h00 au Stade Venoix.<\/p>\n<ul class=\"fleche-rouge\" style=\"\">\n<li>Ouverture des portes \u00e0 13h30<\/li>\n<li>Placement libre &amp; entr\u00e9e gratuite<\/li>\n<\/ul>\n<p>Afficher le sous titre:\u00a0<\/p>\n<p>\n            Partager cet article sur :<\/p>\n","protected":false},"excerpt":{"rendered":"Formation le 15\/05\/2025 \u00e0 18:22 Les U19 du Stade Malherbe Caen d\u00e9butent leur parcours en playoffs avec la&hellip;\n","protected":false},"author":2,"featured_media":103327,"comment_status":"","ping_status":"","sticky":false,"template":"","format":"standard","meta":{"footnotes":""},"categories":[9599],"tags":[1111,11,13809,1777,674,1011,27,13810,13808,2208,12,2680,25],"class_list":{"0":"post-103326","1":"post","2":"type-post","3":"status-publish","4":"format-standard","5":"has-post-thumbnail","7":"category-montpellier","8":"tag-actu","9":"tag-actualites","10":"tag-billet-smc","11":"tag-eu","12":"tag-europe","13":"tag-fr","14":"tag-france","15":"tag-informations-stade-malherbe-de-caen","16":"tag-infos-match","17":"tag-montpellier","18":"tag-news","19":"tag-occitanie","20":"tag-republique-francaise"},"share_on_mastodon":{"url":"https:\/\/pubeurope.com\/@fr\/114515053336232617","error":""},"_links":{"self":[{"href":"https:\/\/www.europesays.com\/fr\/wp-json\/wp\/v2\/posts\/103326","targetHints":{"allow":["GET"]}}],"collection":[{"href":"https:\/\/www.europesays.com\/fr\/wp-json\/wp\/v2\/posts"}],"about":[{"href":"https:\/\/www.europesays.com\/fr\/wp-json\/wp\/v2\/types\/post"}],"author":[{"embeddable":true,"href":"https:\/\/www.europesays.com\/fr\/wp-json\/wp\/v2\/users\/2"}],"replies":[{"embeddable":true,"href":"https:\/\/www.europesays.com\/fr\/wp-json\/wp\/v2\/comments?post=103326"}],"version-history":[{"count":0,"href":"https:\/\/www.europesays.com\/fr\/wp-json\/wp\/v2\/posts\/103326\/revisions"}],"wp:featuredmedia":[{"embeddable":true,"href":"https:\/\/www.europesays.com\/fr\/wp-json\/wp\/v2\/media\/103327"}],"wp:attachment":[{"href":"https:\/\/www.europesays.com\/fr\/wp-json\/wp\/v2\/media?parent=103326"}],"wp:term":[{"taxonomy":"category","embeddable":true,"href":"https:\/\/www.europesays.com\/fr\/wp-json\/wp\/v2\/categories?post=103326"},{"taxonomy":"post_tag","embeddable":true,"href":"https:\/\/www.europesays.com\/fr\/wp-json\/wp\/v2\/tags?post=103326"}],"curies":[{"name":"wp","href":"https:\/\/api.w.org\/{rel}","templated":true}]}}