{"id":103336,"date":"2025-05-16T02:09:15","date_gmt":"2025-05-16T02:09:15","guid":{"rendered":"https:\/\/www.europesays.com\/fr\/103336\/"},"modified":"2025-05-16T02:09:15","modified_gmt":"2025-05-16T02:09:15","slug":"strasbourg-une-poignee-de-militants-des-missions-locales-mobilises-contre-la-loi-plein-emploi","status":"publish","type":"post","link":"https:\/\/www.europesays.com\/fr\/103336\/","title":{"rendered":"Strasbourg. Une poign\u00e9e de militants des Missions locales mobilis\u00e9s contre la loi Plein emploi"},"content":{"rendered":"<p>Ce jeudi 15\u00a0mai \u00e0 14\u00a0h, une dizaine de salari\u00e9s de la Mission locale de Strasbourg se sont rassembl\u00e9s place de la R\u00e9publique pour protester contre la loi Plein emploi, dans le cadre d\u2019un appel national \u00e0 la gr\u00e8ve lanc\u00e9 par <a href=\"https:\/\/www.dna.fr\/social\/2025\/05\/10\/rappel-de-charges-l-association-des-consommateurs-de-la-cgt-interpelle-alsace-habitat\" target=\"_blank\" rel=\"nofollow noopener\"> la CGT<\/a>. Initialement positionn\u00e9s devant la pr\u00e9fecture, ils ont \u00e9t\u00e9 d\u00e9log\u00e9s par les forces de l\u2019ordre et ont poursuivi leur mobilisation au centre de la place.<\/p>\n<p>\u00ab\u00a0Mission locale oui, exclusion sociale non\u00a0\u00bb<\/p>\n<p>Malgr\u00e9 leur petit nombre, les manifestants ont tenu \u00e0 faire entendre leur voix. Pancartes en main, \u00ab\u00a0Pas de projet sans budget\u00a0\u00bb, \u00ab\u00a0Mission locale oui, exclusion sociale non\u00a0\u00bb, ils d\u00e9noncent une loi qui, selon eux, sacrifie l\u2019accompagnement des jeunes de 16 \u00e0 25 ans en difficult\u00e9.<\/p>\n<p>\u00ab\u00a0Notre priorit\u00e9, ce sont les jeunes. Si on ne peut plus les accompagner, ce n\u2019est plus notre c\u0153ur de m\u00e9tier\u00a0\u00bb, explique une militante. En plus de la loi, ils alertent sur la baisse des financements publics, estim\u00e9e \u00e0 pr\u00e8s de 7\u00a0% pour 2025.<\/p>\n","protected":false},"excerpt":{"rendered":"Ce jeudi 15\u00a0mai \u00e0 14\u00a0h, une dizaine de salari\u00e9s de la Mission locale de Strasbourg se sont rassembl\u00e9s&hellip;\n","protected":false},"author":2,"featured_media":103337,"comment_status":"","ping_status":"","sticky":false,"template":"","format":"standard","meta":{"footnotes":""},"categories":[2820],"tags":[1111,11,2880,1777,674,107,1011,27,775,12,25,801,640,2879],"class_list":{"0":"post-103336","1":"post","2":"type-post","3":"status-publish","4":"format-standard","5":"has-post-thumbnail","7":"category-strasbourg","8":"tag-actu","9":"tag-actualites","10":"tag-edition-strasbourg","11":"tag-eu","12":"tag-europe","13":"tag-fil-info","14":"tag-fr","15":"tag-france","16":"tag-grand-est","17":"tag-news","18":"tag-republique-francaise","19":"tag-social","20":"tag-strasbourg","21":"tag-strasbourg-ville"},"share_on_mastodon":{"url":"https:\/\/pubeurope.com\/@fr\/114515080889437606","error":""},"_links":{"self":[{"href":"https:\/\/www.europesays.com\/fr\/wp-json\/wp\/v2\/posts\/103336","targetHints":{"allow":["GET"]}}],"collection":[{"href":"https:\/\/www.europesays.com\/fr\/wp-json\/wp\/v2\/posts"}],"about":[{"href":"https:\/\/www.europesays.com\/fr\/wp-json\/wp\/v2\/types\/post"}],"author":[{"embeddable":true,"href":"https:\/\/www.europesays.com\/fr\/wp-json\/wp\/v2\/users\/2"}],"replies":[{"embeddable":true,"href":"https:\/\/www.europesays.com\/fr\/wp-json\/wp\/v2\/comments?post=103336"}],"version-history":[{"count":0,"href":"https:\/\/www.europesays.com\/fr\/wp-json\/wp\/v2\/posts\/103336\/revisions"}],"wp:featuredmedia":[{"embeddable":true,"href":"https:\/\/www.europesays.com\/fr\/wp-json\/wp\/v2\/media\/103337"}],"wp:attachment":[{"href":"https:\/\/www.europesays.com\/fr\/wp-json\/wp\/v2\/media?parent=103336"}],"wp:term":[{"taxonomy":"category","embeddable":true,"href":"https:\/\/www.europesays.com\/fr\/wp-json\/wp\/v2\/categories?post=103336"},{"taxonomy":"post_tag","embeddable":true,"href":"https:\/\/www.europesays.com\/fr\/wp-json\/wp\/v2\/tags?post=103336"}],"curies":[{"name":"wp","href":"https:\/\/api.w.org\/{rel}","templated":true}]}}