{"id":103357,"date":"2025-05-16T02:21:08","date_gmt":"2025-05-16T02:21:08","guid":{"rendered":"https:\/\/www.europesays.com\/fr\/103357\/"},"modified":"2025-05-16T02:21:08","modified_gmt":"2025-05-16T02:21:08","slug":"le-groupe-deluxe-cree-la-surprise-en-donnant-un-mini-concert-a-la-plaine-a-marseille","status":"publish","type":"post","link":"https:\/\/www.europesays.com\/fr\/103357\/","title":{"rendered":"Le groupe Deluxe cr\u00e9e la surprise en donnant un mini-concert \u00e0 La Plaine \u00e0 Marseille"},"content":{"rendered":"<p><a href=\"https:\/\/www.laprovence.com\/article\/culture-loisirs\/100050020848715\/le-groupe-aixois-deluxe-se-fait-plaisir-avec-un-nouvel-album\" target=\"_blank\" rel=\"noopener\">Pour accompagner la sortie de son dernier album \u00c7a fait plaisir,<\/a> le groupe Deluxe a eu l\u2019id\u00e9e de donner quelques concerts acoustiques dans la rue, comme un hommage \u00e0 leurs d\u00e9buts en\u00a02007 \u00e0 Aix-en-Provence. <a href=\"https:\/\/www.laprovence.com\/article\/culture-loisirs\/1089129281164715\/le-groupe-deluxe-donne-un-concert-surprise-et-cree-levenement-a-domicile-au-pied-du-palais-verdun-a-aix\" target=\"_blank\" rel=\"noopener\">Cette mini-tourn\u00e9e a commenc\u00e9 le samedi 3\u00a0mai au pied du Palais Verdun,<\/a> dans la ville qui les a vus na\u00eetre, et devait se poursuivre \u00e0 Marseille, sur le Vieux-Port le lendemain.<\/p>\n<p>Mais la pluie est venue jouer les trouble-f\u00eates. Et le concert sous l\u2019ombri\u00e8re du dimanche 4\u00a0mai a d\u00fb \u00eatre annul\u00e9. Mais Deluxe avait promis de revenir. Et il a tenu ses promesses.<\/p>\n<p>Un concert d&rsquo;une quarantaine de minutes<\/p>\n<p>Annonc\u00e9 la veille sur ses r\u00e9seaux sociaux, ce fameux concert d\u2019une quarantaine de minutes a finalement eu lieu ce jeudi 15\u00a0mai \u00e0 18h30 sur La Plaine (5e), un de leurs bastions. \u00c0 une heure o\u00f9 les terrasses des troquets d\u00e9bordent.<\/p>\n<p>Dans leurs costumes de lumi\u00e8re d\u2019un bleu intense, et dans la chaleur de cette fin d\u2019apr\u00e8s-midi, les cinq gar\u00e7ons \u00e0 moustache et la chanteuse Liliboy ont livr\u00e9, sur une sc\u00e8ne improvis\u00e9e, quelques titres de ce dernier disque, fid\u00e8le au style \u00e9clectique de Deluxe. Ou le plaisir de jouer ensemble. Et de partager sa musique avec un public fid\u00e8le.<\/p>\n","protected":false},"excerpt":{"rendered":"Pour accompagner la sortie de son dernier album \u00c7a fait plaisir, le groupe Deluxe a eu l\u2019id\u00e9e de&hellip;\n","protected":false},"author":2,"featured_media":103358,"comment_status":"","ping_status":"","sticky":false,"template":"","format":"standard","meta":{"footnotes":""},"categories":[2814],"tags":[17,1111,11,11803,251,17883,21980,1777,674,1011,27,2705,884,21981,12,6775,882,25,10540],"class_list":{"0":"post-103357","1":"post","2":"type-post","3":"status-publish","4":"format-standard","5":"has-post-thumbnail","7":"category-marseille","8":"tag-17","9":"tag-actu","10":"tag-actualites","11":"tag-cree","12":"tag-culture","13":"tag-deluxe","14":"tag-donnant","15":"tag-eu","16":"tag-europe","17":"tag-fr","18":"tag-france","19":"tag-groupe","20":"tag-marseille","21":"tag-mini-concert","22":"tag-news","23":"tag-plaine","24":"tag-provence-alpes-cote-dazur","25":"tag-republique-francaise","26":"tag-surprise"},"share_on_mastodon":{"url":"https:\/\/pubeurope.com\/@fr\/114515128028831704","error":""},"_links":{"self":[{"href":"https:\/\/www.europesays.com\/fr\/wp-json\/wp\/v2\/posts\/103357","targetHints":{"allow":["GET"]}}],"collection":[{"href":"https:\/\/www.europesays.com\/fr\/wp-json\/wp\/v2\/posts"}],"about":[{"href":"https:\/\/www.europesays.com\/fr\/wp-json\/wp\/v2\/types\/post"}],"author":[{"embeddable":true,"href":"https:\/\/www.europesays.com\/fr\/wp-json\/wp\/v2\/users\/2"}],"replies":[{"embeddable":true,"href":"https:\/\/www.europesays.com\/fr\/wp-json\/wp\/v2\/comments?post=103357"}],"version-history":[{"count":0,"href":"https:\/\/www.europesays.com\/fr\/wp-json\/wp\/v2\/posts\/103357\/revisions"}],"wp:featuredmedia":[{"embeddable":true,"href":"https:\/\/www.europesays.com\/fr\/wp-json\/wp\/v2\/media\/103358"}],"wp:attachment":[{"href":"https:\/\/www.europesays.com\/fr\/wp-json\/wp\/v2\/media?parent=103357"}],"wp:term":[{"taxonomy":"category","embeddable":true,"href":"https:\/\/www.europesays.com\/fr\/wp-json\/wp\/v2\/categories?post=103357"},{"taxonomy":"post_tag","embeddable":true,"href":"https:\/\/www.europesays.com\/fr\/wp-json\/wp\/v2\/tags?post=103357"}],"curies":[{"name":"wp","href":"https:\/\/api.w.org\/{rel}","templated":true}]}}