{"id":1033655,"date":"2026-06-30T06:00:20","date_gmt":"2026-06-30T06:00:20","guid":{"rendered":"https:\/\/www.europesays.com\/fr\/1033655\/"},"modified":"2026-06-30T06:00:20","modified_gmt":"2026-06-30T06:00:20","slug":"chartres-de-bretagne-six-cents-jeunes-ont-participe-a-la-fete-du-fleurissement","status":"publish","type":"post","link":"https:\/\/www.europesays.com\/fr\/1033655\/","title":{"rendered":"Chartres-de-Bretagne. Six cents jeunes ont particip\u00e9 \u00e0 la f\u00eate du fleurissement"},"content":{"rendered":"<p>Des agents municipaux des cinq p\u00f4les \u00e9taient mobilis\u00e9s, vendredi matin, pour la f\u00eate du fleurissement sur le th\u00e8me Entre terre et vague.<\/p>\n<p>Les enfants de vingt-deux classes des trois \u00e9coles\u00a0(Broc\u00e9liande, Auditoire et Sainte-Marie) ont converg\u00e9 vers le parc de loisirs. Des assistantes maternelles, les cr\u00e8ches Tintinabulle et Vivamini ainsi que quinze jeunes du p\u00f4le enfance Elisabeth Zucman, les ont rejoints. Ils ont \u00e9t\u00e9 accueillis par Annabelle Gouin, directrice du p\u00f4le ressources techniques avant l\u2019apparition de la mascotte Breizhouille.<\/p>\n<p>Chaque classe s\u2019est ensuite rendue \u00e0 l\u2019un des vingt-deux ateliers tenus par des agents. Parmi ceux-ci, le traditionnel semis o\u00f9 chaque enfant rempli de terreau un pot biod\u00e9gradable avant d\u2019y introduire une graine de tournesol. \u00a0Vous penserez bien \u00e0 l\u2019arroser tous les deux jours\u00a0\u00bb, conseille Alexandre Gicquel, chef d\u2019\u00e9quipe des serres municipales. Jeux g\u00e9ants, chasse aux tr\u00e9sors, relais course en sac, dessin, skyline, lecture d\u2019histoires mais \u00e9galement jeu de m\u00e9moire sur les fleurs, les enfants participent avec plaisir.<\/p>\n<p>Il y avait aussi un atelier land art\u00a0: \u00a0Vous choisissez un mod\u00e8le puis vous le reproduisez le mieux possible\u00a0\u00bb, annonce l\u2019animatrice. \u00c0 disposition, du bois, des feuilles, des branches, des cailloux, du foin, des \u00e9corces pour repr\u00e9senter le tableau choisi.<\/p>\n<p>Un peu plus loin, sous les arbres, un parcours sensoriel. Un par un, pieds nus les enfants marchent sur du sable, des copeaux de bois, des coques de sarrasin, du foin, des cailloux, des feuilles.<\/p>\n<p>Pour la petite enfance, un espace am\u00e9nag\u00e9 pour les plus petits avec des jeux sensoriels et d\u2019eau. Les ateliers s\u2019encha\u00eenent, puis apr\u00e8s deux heures, tous se retrouvent pour la photo de groupe et la danse collective. Accompagn\u00e9 de plusieurs \u00e9lus, dont trois adjoints, David Le Borgne, le maire, a comment\u00e9\u00a0: \u00a0J\u2019adresse tous mes remerciements \u00e0 tous les acteurs du fleurissement, ainsi qu\u2019aux agents qui \u0153uvrent depuis des semaines pour sa r\u00e9ussite\u00a0.<\/p>\n<p>\u00a0<\/p>\n","protected":false},"excerpt":{"rendered":"Des agents municipaux des cinq p\u00f4les \u00e9taient mobilis\u00e9s, vendredi matin, pour la f\u00eate du fleurissement sur le th\u00e8me&hellip;\n","protected":false},"author":2,"featured_media":1033656,"comment_status":"","ping_status":"","sticky":false,"template":"","format":"standard","meta":{"footnotes":"","_share_on_mastodon":"0"},"categories":[2821],"tags":[1111,11,829,19962,1777,674,4768,13541,1011,27,4074,12,3745,3086,584,25],"class_list":["post-1033655","post","type-post","status-publish","format-standard","has-post-thumbnail","category-rennes","tag-actu","tag-actualites","tag-bretagne","tag-chartres-de-bretagne","tag-eu","tag-europe","tag-fete","tag-fleurissement","tag-fr","tag-france","tag-jeunes","tag-news","tag-participe","tag-redon","tag-rennes","tag-republique-francaise"],"share_on_mastodon":{"url":"https:\/\/pubeurope.com\/@fr\/116837536405620217","error":""},"_links":{"self":[{"href":"https:\/\/www.europesays.com\/fr\/wp-json\/wp\/v2\/posts\/1033655","targetHints":{"allow":["GET"]}}],"collection":[{"href":"https:\/\/www.europesays.com\/fr\/wp-json\/wp\/v2\/posts"}],"about":[{"href":"https:\/\/www.europesays.com\/fr\/wp-json\/wp\/v2\/types\/post"}],"author":[{"embeddable":true,"href":"https:\/\/www.europesays.com\/fr\/wp-json\/wp\/v2\/users\/2"}],"replies":[{"embeddable":true,"href":"https:\/\/www.europesays.com\/fr\/wp-json\/wp\/v2\/comments?post=1033655"}],"version-history":[{"count":0,"href":"https:\/\/www.europesays.com\/fr\/wp-json\/wp\/v2\/posts\/1033655\/revisions"}],"wp:featuredmedia":[{"embeddable":true,"href":"https:\/\/www.europesays.com\/fr\/wp-json\/wp\/v2\/media\/1033656"}],"wp:attachment":[{"href":"https:\/\/www.europesays.com\/fr\/wp-json\/wp\/v2\/media?parent=1033655"}],"wp:term":[{"taxonomy":"category","embeddable":true,"href":"https:\/\/www.europesays.com\/fr\/wp-json\/wp\/v2\/categories?post=1033655"},{"taxonomy":"post_tag","embeddable":true,"href":"https:\/\/www.europesays.com\/fr\/wp-json\/wp\/v2\/tags?post=1033655"}],"curies":[{"name":"wp","href":"https:\/\/api.w.org\/{rel}","templated":true}]}}