{"id":1033677,"date":"2026-06-30T06:11:15","date_gmt":"2026-06-30T06:11:15","guid":{"rendered":"https:\/\/www.europesays.com\/fr\/1033677\/"},"modified":"2026-06-30T06:11:15","modified_gmt":"2026-06-30T06:11:15","slug":"apres-plusieurs-mois-dinterruption-le-trafic-peut-reprendre-entre-latour-de-carol-et-toulouse","status":"publish","type":"post","link":"https:\/\/www.europesays.com\/fr\/1033677\/","title":{"rendered":"Apr\u00e8s plusieurs mois d&rsquo;interruption, le trafic peut reprendre entre Latour-de-Carol et Toulouse"},"content":{"rendered":"<p>                    Par<br \/>\n        <strong><br \/>\n            <a href=\"https:\/\/actu.fr\/auteur\/hodumez\" title=\"Consulter tous les articles de Hugues-Olivier Dumez\" rel=\"nofollow noopener\" target=\"_blank\">Hugues-Olivier Dumez<\/a><br \/>\n                    <\/strong><\/p>\n<p>        Publi\u00e9 le<\/p>\n<p>            30 juin 2026 \u00e0 7h30        <\/p>\n<p>C\u2019\u00e9tait le 18\u00a0f\u00e9vrier 2026, apr\u00e8s de fortes pluies. Un affaissement important d\u2019un remblai ferroviaire situ\u00e9 \u00e0 <strong>Saint-Paul-de-Jarrat<\/strong> avait conduit les \u00e9quipes <strong>SNCF R\u00e9seau<\/strong> \u00e0 interrompre les circulations entre <strong>Foix<\/strong> et <strong>Ax-les-Thermes<\/strong>, <a href=\"https:\/\/actu.fr\/occitanie\/ax-les-thermes_09032\/c-est-confirme-cette-ligne-majeure-des-pyrenees-va-pouvoir-reprendre-du-service_64456060.html\" rel=\"nofollow noopener\" target=\"_blank\">sur la ligne de l\u2019Ari\u00e8ge<\/a>. La reprise du trafic ferroviaire intervient ce mardi 30\u00a0juin 2026.<\/p>\n<p class=\" wall-content\">\u00ab\u2009Apr\u00e8s avoir conduit les expertises et les sondages n\u00e9cessaires, il a fallu plusieurs mois de travaux pour stabiliser le remblai, le conforter et reconstruire la plateforme ferroviaire sur un lin\u00e9aire d\u2019une centaine de m\u00e8tres\u2009\u00bb, explique SNCF R\u00e9seau. <strong>Plus de 15\u2009600\u00a0m3 de mat\u00e9riaux en provenance de la carri\u00e8re voisine de Saverdun<\/strong> ont \u00e9t\u00e9 utilis\u00e9s pour r\u00e9aliser cette op\u00e9ration.\u2009\u00bb<\/p>\n<p>Sans limitation de vitesse et sans autres travaux majeurs sur la ligne<\/p>\n<p class=\" wall-content\">Durant cette interruption, les \u00e9quipes SNCF R\u00e9seau ont \u00e9galement conduit 17 chantiers de maintenance\u2009: renouvellement de c\u00e2bles de signalisation, remplacement de rails, traitement de zones \u00e0 \u00e9volution rapide, r\u00e9g\u00e9n\u00e9ration d\u2019un passage \u00e0 niveau, entretien de la v\u00e9g\u00e9tation, mise en conformit\u00e9 pour la saison chaude.<\/p>\n<p class=\" wall-content\">Une grande partie de ces travaux s\u2019inscrivent dans le cadre du Plan Robustesse R\u00e9gularit\u00e9 mis en place \u00e0 la demande de la R\u00e9gion Occitanie et que SNCF R\u00e9seau finance \u00e0 hauteur de 60\u00a0millions d\u2019euros sur trois ans.<\/p>\n<p class=\" wall-content\">Ces nombreux travaux \u00e9tant maintenant termin\u00e9s, la voie peut \u00eatre restitu\u00e9e ce mardi 30\u00a0juin 2026, sans limitation de vitesse et sans autres travaux majeurs sur la ligne.<\/p>\n<p class=\" wall-content\">Personnalisez votre actualit\u00e9 en ajoutant vos villes et m\u00e9dias en favori avec <a href=\"https:\/\/moncompte.actu.fr\" title=\"D\u00e9couvez Mon Actu\" rel=\"nofollow noopener\" data-trk=\"{&quot;cta&quot;:{&quot;action&quot;:&quot;https:\\\/\\\/moncompte.actu.fr&quot;,&quot;category&quot;:&quot;mon compte&quot;,&quot;from&quot;:&quot;article footer&quot;,&quot;name&quot;:&quot;Mon actu&quot;,&quot;type&quot;:&quot;cta&quot;}}\" target=\"_blank\">Mon Actu<\/a>.<\/p>\n","protected":false},"excerpt":{"rendered":"Par Hugues-Olivier Dumez Publi\u00e9 le 30 juin 2026 \u00e0 7h30 C\u2019\u00e9tait le 18\u00a0f\u00e9vrier 2026, apr\u00e8s de fortes pluies.&hellip;\n","protected":false},"author":2,"featured_media":1033678,"comment_status":"","ping_status":"","sticky":false,"template":"","format":"standard","meta":{"footnotes":"","_share_on_mastodon":"0"},"categories":[2816],"tags":[1111,11,1777,674,1011,27,12,2680,2723,25,104,2312,926],"class_list":["post-1033677","post","type-post","status-publish","format-standard","has-post-thumbnail","category-toulouse","tag-actu","tag-actualites","tag-eu","tag-europe","tag-fr","tag-france","tag-news","tag-occitanie","tag-pyrenees","tag-republique-francaise","tag-societe","tag-toulouse","tag-train"],"share_on_mastodon":{"url":"https:\/\/pubeurope.com\/@fr\/116837579958287303","error":""},"_links":{"self":[{"href":"https:\/\/www.europesays.com\/fr\/wp-json\/wp\/v2\/posts\/1033677","targetHints":{"allow":["GET"]}}],"collection":[{"href":"https:\/\/www.europesays.com\/fr\/wp-json\/wp\/v2\/posts"}],"about":[{"href":"https:\/\/www.europesays.com\/fr\/wp-json\/wp\/v2\/types\/post"}],"author":[{"embeddable":true,"href":"https:\/\/www.europesays.com\/fr\/wp-json\/wp\/v2\/users\/2"}],"replies":[{"embeddable":true,"href":"https:\/\/www.europesays.com\/fr\/wp-json\/wp\/v2\/comments?post=1033677"}],"version-history":[{"count":0,"href":"https:\/\/www.europesays.com\/fr\/wp-json\/wp\/v2\/posts\/1033677\/revisions"}],"wp:featuredmedia":[{"embeddable":true,"href":"https:\/\/www.europesays.com\/fr\/wp-json\/wp\/v2\/media\/1033678"}],"wp:attachment":[{"href":"https:\/\/www.europesays.com\/fr\/wp-json\/wp\/v2\/media?parent=1033677"}],"wp:term":[{"taxonomy":"category","embeddable":true,"href":"https:\/\/www.europesays.com\/fr\/wp-json\/wp\/v2\/categories?post=1033677"},{"taxonomy":"post_tag","embeddable":true,"href":"https:\/\/www.europesays.com\/fr\/wp-json\/wp\/v2\/tags?post=1033677"}],"curies":[{"name":"wp","href":"https:\/\/api.w.org\/{rel}","templated":true}]}}