{"id":103375,"date":"2025-05-16T02:32:11","date_gmt":"2025-05-16T02:32:11","guid":{"rendered":"https:\/\/www.europesays.com\/fr\/103375\/"},"modified":"2025-05-16T02:32:11","modified_gmt":"2025-05-16T02:32:11","slug":"zelensky-et-les-etats-unis-ny-croient-guere","status":"publish","type":"post","link":"https:\/\/www.europesays.com\/fr\/103375\/","title":{"rendered":"Zelensky et les \u00c9tats-Unis n&rsquo;y croient gu\u00e8re"},"content":{"rendered":"<p>Le pr\u00e9sident ukrainien a estim\u00e9 jeudi que la Russie ne prenait pas \u00ab\u00a0au s\u00e9rieux\u00a0\u00bb les pourparlers de paix directs organis\u00e9s \u00e0 Istanbul. Donald Trump et son secr\u00e9taire d&rsquo;\u00c9tat Marco Rubio se sont \u00e9galement montr\u00e9s sceptiques. Le principal n\u00e9gociateur russe a d\u00e9clar\u00e9 qu&rsquo;il attendrait malgr\u00e9 tout la d\u00e9l\u00e9gation ukrainienne vendredi \u00e0 partir de 10 heures.<\/p>\n<p>Le scepticisme r\u00e8gne en <a href=\"https:\/\/www.france24.com\/fr\/tag\/turquie\/\" class=\"link \" rel=\"nofollow noopener\" target=\"_blank\" data-ylk=\"slk:Turquie;elm:context_link;itc:0;sec:content-canvas\">Turquie<\/a>. Le pr\u00e9sident ukrainien <a href=\"https:\/\/www.france24.com\/fr\/tag\/volodymyr-zelensky\/\" class=\"link \" rel=\"nofollow noopener\" target=\"_blank\" data-ylk=\"slk:Volodymyr Zelensky;elm:context_link;itc:0;sec:content-canvas\">Volodymyr Zelensky<\/a>, qui a envoy\u00e9 jeudi 15 mai une d\u00e9l\u00e9gation \u00e0 Istanbul pour des <a href=\"https:\/\/www.france24.com\/fr\/europe\/20250515-en-direct-pourparlers-russe-ukraine-istanbul-zelensky-poutine-guerre-turquie\" rel=\"nofollow noopener\" target=\"_blank\" data-ylk=\"slk:discussions de paix avec des repr\u00e9sentants russes;elm:context_link;itc:0;sec:content-canvas\" class=\"link \">discussions de paix avec des repr\u00e9sentants russes<\/a>, a accus\u00e9 Moscou de ne pas prendre \u00ab\u00a0au s\u00e9rieux\u00a0\u00bb ces pourparlers.<\/p>\n<p>\u00c0 l&rsquo;instar de <a href=\"https:\/\/www.france24.com\/fr\/tag\/donald-trump\/\" class=\"link \" rel=\"nofollow noopener\" target=\"_blank\" data-ylk=\"slk:Donald Trump;elm:context_link;itc:0;sec:content-canvas\">Donald Trump<\/a>, selon qui, comme il l&rsquo;a clam\u00e9 le m\u00eame jour, \u00ab\u00a0rien ne se passera (&#8230;) tant que (<a href=\"https:\/\/www.france24.com\/fr\/tag\/vladimir-poutine\/\" class=\"link \" rel=\"nofollow noopener\" target=\"_blank\" data-ylk=\"slk:Vladimir Poutine;elm:context_link;itc:0;sec:content-canvas\">Vladimir Poutine<\/a>) et moi ne serons pas ensemble\u00a0\u00bb.<\/p>\n<p>Et de son secr\u00e9taire d&rsquo;\u00c9tat <a href=\"https:\/\/www.france24.com\/fr\/tag\/marco-rubio\/\" class=\"link \" rel=\"nofollow noopener\" target=\"_blank\" data-ylk=\"slk:Marco Rubio;elm:context_link;itc:0;sec:content-canvas\">Marco Rubio<\/a>, qui a lanc\u00e9, quelques heures plus tard : \u00ab\u00a0Je vais \u00eatre franc, je ne pense pas que nous ayons de grandes attentes quant \u00e0 ce qui se passera demain\u00a0\u00bb, reconnaissant que la repr\u00e9sentation russe n&rsquo;est \u00ab\u00a0pas au niveau que nous esp\u00e9rions\u00a0\u00bb.<\/p>\n<p>Le principal n\u00e9gociateur russe \u00e0 Istanbul, Vladimir Medinsky, a d\u00e9clar\u00e9 qu&rsquo;il attendrait la d\u00e9l\u00e9gation ukrainienne vendredi \u00e0 partir de 10 heures.<\/p>\n<p><a href=\"https:\/\/www.france24.com\/fr\/europe\/20250515-pourparlers-russie-ukraine-turquie-zelensky-etats-unis-poutine-trump\" rel=\"nofollow noopener\" target=\"_blank\" data-ylk=\"slk:Lire la suite sur FRANCE 24;elm:context_link;itc:0;sec:content-canvas\" class=\"link \">Lire la suite sur FRANCE 24<\/a><\/p>\n<p>Lire aussi:<br \/><a href=\"https:\/\/www.france24.com\/fr\/europe\/20250515-en-direct-pourparlers-russe-ukraine-istanbul-zelensky-poutine-guerre-turquie\" rel=\"nofollow noopener\" target=\"_blank\" data-ylk=\"slk:En Turquie, l&#039;incertitude plane sur les pourparlers de paix entre Kiev et Moscou;elm:context_link;itc:0;sec:content-canvas\" class=\"link \">En Turquie, l&rsquo;incertitude plane sur les pourparlers de paix entre Kiev et Moscou<\/a><br \/><a href=\"https:\/\/www.france24.com\/fr\/%C3%A9missions\/le-d%C3%A9bat\/20250515-guerre-en-ukraine-%C3%A0-quoi-joue-vladimir-poutine\" rel=\"nofollow noopener\" target=\"_blank\" data-ylk=\"slk:Guerre en Ukraine : \u00e0 quoi joue Vladimir Poutine ?;elm:context_link;itc:0;sec:content-canvas\" class=\"link \">Guerre en Ukraine : \u00e0 quoi joue Vladimir Poutine ?<\/a><\/p>\n","protected":false},"excerpt":{"rendered":"Le pr\u00e9sident ukrainien a estim\u00e9 jeudi que la Russie ne prenait pas \u00ab\u00a0au s\u00e9rieux\u00a0\u00bb les pourparlers de paix&hellip;\n","protected":false},"author":2,"featured_media":103376,"comment_status":"","ping_status":"","sticky":false,"template":"","format":"standard","meta":{"footnotes":""},"categories":[1590],"tags":[11,75,1777,674,5886,1907,12,21982,3496,220,135,134],"class_list":{"0":"post-103375","1":"post","2":"type-post","3":"status-publish","4":"format-standard","5":"has-post-thumbnail","7":"category-ukraine","8":"tag-actualites","9":"tag-donald-trump","10":"tag-eu","11":"tag-europe","12":"tag-istanbul","13":"tag-marco-rubio","14":"tag-news","15":"tag-secretaire-detat","16":"tag-turquie","17":"tag-ukraine","18":"tag-vladimir-poutine","19":"tag-volodymyr-zelensky"},"share_on_mastodon":{"url":"https:\/\/pubeurope.com\/@fr\/114515171480506610","error":""},"_links":{"self":[{"href":"https:\/\/www.europesays.com\/fr\/wp-json\/wp\/v2\/posts\/103375","targetHints":{"allow":["GET"]}}],"collection":[{"href":"https:\/\/www.europesays.com\/fr\/wp-json\/wp\/v2\/posts"}],"about":[{"href":"https:\/\/www.europesays.com\/fr\/wp-json\/wp\/v2\/types\/post"}],"author":[{"embeddable":true,"href":"https:\/\/www.europesays.com\/fr\/wp-json\/wp\/v2\/users\/2"}],"replies":[{"embeddable":true,"href":"https:\/\/www.europesays.com\/fr\/wp-json\/wp\/v2\/comments?post=103375"}],"version-history":[{"count":0,"href":"https:\/\/www.europesays.com\/fr\/wp-json\/wp\/v2\/posts\/103375\/revisions"}],"wp:featuredmedia":[{"embeddable":true,"href":"https:\/\/www.europesays.com\/fr\/wp-json\/wp\/v2\/media\/103376"}],"wp:attachment":[{"href":"https:\/\/www.europesays.com\/fr\/wp-json\/wp\/v2\/media?parent=103375"}],"wp:term":[{"taxonomy":"category","embeddable":true,"href":"https:\/\/www.europesays.com\/fr\/wp-json\/wp\/v2\/categories?post=103375"},{"taxonomy":"post_tag","embeddable":true,"href":"https:\/\/www.europesays.com\/fr\/wp-json\/wp\/v2\/tags?post=103375"}],"curies":[{"name":"wp","href":"https:\/\/api.w.org\/{rel}","templated":true}]}}