{"id":103379,"date":"2025-05-16T02:34:12","date_gmt":"2025-05-16T02:34:12","guid":{"rendered":"https:\/\/www.europesays.com\/fr\/103379\/"},"modified":"2025-05-16T02:34:12","modified_gmt":"2025-05-16T02:34:12","slug":"royaume-uni-chris-brown-arrete-pour-avoir-agresse-un-producteur-a-londres","status":"publish","type":"post","link":"https:\/\/www.europesays.com\/fr\/103379\/","title":{"rendered":"Royaume Uni : Chris Brown arr\u00eat\u00e9\u00a0 pour avoir agress\u00e9 un producteur \u00e0 Londres"},"content":{"rendered":"<p>L\u2019artiste am\u00e9ricain Chris Brown, c\u00e9l\u00e8bre chanteur de R\\&amp;B et ex-compagnon de Rihanna, a \u00e9t\u00e9 interpell\u00e9 par la police britannique dans un h\u00f4tel de Manchester. Il est soup\u00e7onn\u00e9 d\u2019avoir agress\u00e9 un producteur de musique dans une bo\u00eete de nuit de Londres en 2023.<\/p>\n<p>Selon les informations relay\u00e9es par plusieurs m\u00e9dias britanniques, la police m\u00e9tropolitaine de Londres a confirm\u00e9 avoir arr\u00eat\u00e9 \u00ab un homme de 36 ans \u00bb peu apr\u00e8s 2h du matin dans le cadre d\u2019une enqu\u00eate pour coups et blessures graves. Sans mentionner explicitement le nom de Chris Brown, les autorit\u00e9s pr\u00e9cisent que cette arrestation est li\u00e9e \u00e0 un incident survenu le 19 f\u00e9vrier 2023, dans un \u00e9tablissement situ\u00e9 sur Hanover Square, dans le quartier hupp\u00e9 de Mayfair, \u00e0 Londres.<\/p>\n<p>L\u2019affaire remonte \u00e0 une soir\u00e9e o\u00f9 le chanteur aurait eu une altercation physique avec un producteur, causant des blessures suffisamment s\u00e9rieuses pour que l\u2019enqu\u00eate soit toujours en cours plus d\u2019un an apr\u00e8s les faits.<\/p>\n<p>Chris Brown, d\u00e9j\u00e0 connu pour ses d\u00e9m\u00eal\u00e9s avec la justice, notamment l\u2019agression de Rihanna en 2009, est de nouveau au c\u0153ur d\u2019une pol\u00e9mique judiciaire. Aucune d\u00e9claration officielle de ses avocats n\u2019a encore \u00e9t\u00e9 rendue publique \u00e0 ce stade.<\/p>\n<p>L\u2019artiste, qui \u00e9tait en tourn\u00e9e au Royaume-Uni, devait se produire dans plusieurs villes, dont Manchester, Birmingham et Londres. La suite de sa tourn\u00e9e pourrait \u00eatre compromise en fonction de l\u2019\u00e9volution de l\u2019affaire.<\/p>\n<p><strong>La r\u00e9daction<\/strong><\/p>\n","protected":false},"excerpt":{"rendered":"L\u2019artiste am\u00e9ricain Chris Brown, c\u00e9l\u00e8bre chanteur de R\\&amp;B et ex-compagnon de Rihanna, a \u00e9t\u00e9 interpell\u00e9 par la police&hellip;\n","protected":false},"author":2,"featured_media":103380,"comment_status":"","ping_status":"","sticky":false,"template":"","format":"standard","meta":{"footnotes":""},"categories":[1588],"tags":[11,21843,1777,674,12,473,1853,1851,1850,1852],"class_list":{"0":"post-103379","1":"post","2":"type-post","3":"status-publish","4":"format-standard","5":"has-post-thumbnail","7":"category-royaume-uni","8":"tag-actualites","9":"tag-chris-brown","10":"tag-eu","11":"tag-europe","12":"tag-news","13":"tag-royaume-uni","14":"tag-royaume-uni-de-grande-bretagne-et-dirlande-du-nord","15":"tag-uk","16":"tag-united-kingdom","17":"tag-united-kingdom-of-great-britain-and-northern-ireland"},"share_on_mastodon":{"url":"https:\/\/pubeurope.com\/@fr\/114515179353650982","error":""},"_links":{"self":[{"href":"https:\/\/www.europesays.com\/fr\/wp-json\/wp\/v2\/posts\/103379","targetHints":{"allow":["GET"]}}],"collection":[{"href":"https:\/\/www.europesays.com\/fr\/wp-json\/wp\/v2\/posts"}],"about":[{"href":"https:\/\/www.europesays.com\/fr\/wp-json\/wp\/v2\/types\/post"}],"author":[{"embeddable":true,"href":"https:\/\/www.europesays.com\/fr\/wp-json\/wp\/v2\/users\/2"}],"replies":[{"embeddable":true,"href":"https:\/\/www.europesays.com\/fr\/wp-json\/wp\/v2\/comments?post=103379"}],"version-history":[{"count":0,"href":"https:\/\/www.europesays.com\/fr\/wp-json\/wp\/v2\/posts\/103379\/revisions"}],"wp:featuredmedia":[{"embeddable":true,"href":"https:\/\/www.europesays.com\/fr\/wp-json\/wp\/v2\/media\/103380"}],"wp:attachment":[{"href":"https:\/\/www.europesays.com\/fr\/wp-json\/wp\/v2\/media?parent=103379"}],"wp:term":[{"taxonomy":"category","embeddable":true,"href":"https:\/\/www.europesays.com\/fr\/wp-json\/wp\/v2\/categories?post=103379"},{"taxonomy":"post_tag","embeddable":true,"href":"https:\/\/www.europesays.com\/fr\/wp-json\/wp\/v2\/tags?post=103379"}],"curies":[{"name":"wp","href":"https:\/\/api.w.org\/{rel}","templated":true}]}}