{"id":1033874,"date":"2026-06-30T08:20:31","date_gmt":"2026-06-30T08:20:31","guid":{"rendered":"https:\/\/www.europesays.com\/fr\/1033874\/"},"modified":"2026-06-30T08:20:31","modified_gmt":"2026-06-30T08:20:31","slug":"incendie-au-centre-de-tri-veolia-de-ludres-une-cinquantaine-de-pompiers-mobilises","status":"publish","type":"post","link":"https:\/\/www.europesays.com\/fr\/1033874\/","title":{"rendered":"Incendie au centre de tri Veolia de Ludres : une cinquantaine de pompiers mobilis\u00e9s"},"content":{"rendered":"\n<p class=\"font-claude-response-body break-words whitespace-normal\">Un incendie s&rsquo;est d\u00e9clar\u00e9 jeudi 25 juin 2026 \u00e0 6h45 au centre de tri et traitement des d\u00e9chets professionnels Veolia de Ludres (Meurthe-et-Moselle), rue Palissy. Le feu a pris dans une cellule d\u00e9di\u00e9e aux d\u00e9chets d&rsquo;ameublement, principalement du bois, g\u00e9n\u00e9rant un important d\u00e9gagement de fum\u00e9e visible depuis l&rsquo;autoroute A330.<\/p>\n<p class=\"font-claude-response-body break-words whitespace-normal\">Le feu est rest\u00e9 circonscrit sur une zone de 50 m\u00e8tres sur 20 ; les autres b\u00e2timents du site, d&rsquo;une superficie totale de 2,5 hectares, n&rsquo;ont pas \u00e9t\u00e9 touch\u00e9s. Les machines sont elles aussi intactes.<\/p>\n<p>Une cinquantaine de pompiers sur place<\/p>\n<p class=\"font-claude-response-body break-words whitespace-normal\">Pr\u00e8s de 47 pompiers, issus de sept casernes du d\u00e9partement, sont intervenus, d\u00e8s 7h, avec 25 engins dont des moyens lourds : lances \u00e0 gros d\u00e9bit, \u00e9l\u00e9vateurs a\u00e9riens et lignes d&rsquo;alimentation en eau de gros d\u00e9bits. Un poste de commandement a \u00e9t\u00e9 install\u00e9 sur place.<\/p>\n<p class=\"font-claude-response-body break-words whitespace-normal\">Vers 9h, le sinistre \u00e9tait consid\u00e9r\u00e9 comme ma\u00eetris\u00e9. Mais les secours restent mobilis\u00e9s pour la journ\u00e9e enti\u00e8re afin de surveiller les lieux et \u00e9viter toute propagation aux cellules voisines.\u00a0La chaleur constitue le principal d\u00e9fi de la journ\u00e9e pour les intervenants.\u00a0<\/p>\n<p class=\"font-claude-response-body break-words whitespace-normal\">L&rsquo;incendie n&rsquo;a fait aucune victime. Une enqu\u00eate est en cours pour d\u00e9terminer les causes du sinistre.<\/p>\n<p>Pas de rique de toxicit\u00e9 li\u00e9 au fum\u00e9es<\/p>\n<p>Selon la M\u00e9tropole du Grand Nanyc, les premi\u00e8res constatations confirment qu\u2019il n\u2019y a pas de risque de toxicit\u00e9 li\u00e9 aux fum\u00e9es. La cause de l\u2019incendie demeure pour l\u2019heure inconnue, m\u00eame si l\u2019hypoth\u00e8se d\u2019une batterie au lithium \u00e0 l\u2019origine du d\u00e9part de feu est envisag\u00e9e.<\/p>\n<p>Les d\u00e9g\u00e2ts sont limit\u00e9s aux seuls d\u00e9chets pr\u00e9sents sur la zone concern\u00e9e.<\/p>\n<p>\u00a0<\/p>\n<p>La M\u00e9tropole le r\u00e9affirme : \u00ab\u00a0cet incident n\u2019a aucune cons\u00e9quence sur le fonctionnement des services : la collecte des d\u00e9chets ainsi que l\u2019acc\u00e8s aux d\u00e9chetteries de la M\u00e9tropole restent assur\u00e9s normalement\u00a0\u00bb.\u00a0<\/p>\n","protected":false},"excerpt":{"rendered":"Un incendie s&rsquo;est d\u00e9clar\u00e9 jeudi 25 juin 2026 \u00e0 6h45 au centre de tri et traitement des d\u00e9chets&hellip;\n","protected":false},"author":2,"featured_media":1033875,"comment_status":"","ping_status":"","sticky":false,"template":"","format":"standard","meta":{"footnotes":"","_share_on_mastodon":"0"},"categories":[9635],"tags":[1111,11,7023,107742,107740,107741,1777,674,1312,19235,1011,27,775,1310,11413,3457,1702,12,1311,25,40679,18956],"class_list":["post-1033874","post","type-post","status-publish","format-standard","has-post-thumbnail","category-nancy","tag-actu","tag-actualites","tag-ameublement","tag-cellules-de-dechets","tag-centre-tri","tag-cinquante","tag-eu","tag-europe","tag-feu","tag-flamme","tag-fr","tag-france","tag-grand-est","tag-incendie","tag-ludres","tag-meurthe-et-moselle","tag-nancy","tag-news","tag-pompiers","tag-republique-francaise","tag-sinistre","tag-veolia"],"share_on_mastodon":{"url":"https:\/\/pubeurope.com\/@fr\/116838087222374131","error":""},"_links":{"self":[{"href":"https:\/\/www.europesays.com\/fr\/wp-json\/wp\/v2\/posts\/1033874","targetHints":{"allow":["GET"]}}],"collection":[{"href":"https:\/\/www.europesays.com\/fr\/wp-json\/wp\/v2\/posts"}],"about":[{"href":"https:\/\/www.europesays.com\/fr\/wp-json\/wp\/v2\/types\/post"}],"author":[{"embeddable":true,"href":"https:\/\/www.europesays.com\/fr\/wp-json\/wp\/v2\/users\/2"}],"replies":[{"embeddable":true,"href":"https:\/\/www.europesays.com\/fr\/wp-json\/wp\/v2\/comments?post=1033874"}],"version-history":[{"count":0,"href":"https:\/\/www.europesays.com\/fr\/wp-json\/wp\/v2\/posts\/1033874\/revisions"}],"wp:featuredmedia":[{"embeddable":true,"href":"https:\/\/www.europesays.com\/fr\/wp-json\/wp\/v2\/media\/1033875"}],"wp:attachment":[{"href":"https:\/\/www.europesays.com\/fr\/wp-json\/wp\/v2\/media?parent=1033874"}],"wp:term":[{"taxonomy":"category","embeddable":true,"href":"https:\/\/www.europesays.com\/fr\/wp-json\/wp\/v2\/categories?post=1033874"},{"taxonomy":"post_tag","embeddable":true,"href":"https:\/\/www.europesays.com\/fr\/wp-json\/wp\/v2\/tags?post=1033874"}],"curies":[{"name":"wp","href":"https:\/\/api.w.org\/{rel}","templated":true}]}}