{"id":103391,"date":"2025-05-16T02:40:25","date_gmt":"2025-05-16T02:40:25","guid":{"rendered":"https:\/\/www.europesays.com\/fr\/103391\/"},"modified":"2025-05-16T02:40:25","modified_gmt":"2025-05-16T02:40:25","slug":"euro-2026-un-tirage-releve-pour-lequipe-de-france-tenante-du-titre","status":"publish","type":"post","link":"https:\/\/www.europesays.com\/fr\/103391\/","title":{"rendered":"Euro 2026\u00a0: un tirage relev\u00e9 pour l\u2019\u00e9quipe de France, tenante du titre"},"content":{"rendered":"<p>Championnat d\u2019Europe (du 15 janvier au 1er f\u00e9vrier 2026)<\/p>\n<p>Le tirage au sort de l\u2019Euro 2026, qui se d\u00e9roulera du 15 janvier au 1er f\u00e9vrier en Scandinavie, a eu lieu ce jeudi \u00e0 Herning (Danemark). L\u2019\u00e9quipe de France, <a href=\"https:\/\/www.letelegramme.fr\/sports\/handball\/dix-ans-apres-la-france-remporte-leuro-de-handball-contre-le-danemark-6514550.php\" target=\"_blank\" rel=\"nofollow noopener\">championne d\u2019Europe en titre<\/a>, affrontera au tour pr\u00e9liminaire la R\u00e9publique tch\u00e8que, l\u2019Ukraine, et la Norv\u00e8ge, l\u2019un des trois pays h\u00f4tes.<\/p>\n<p>Les Bleus d\u00e9buteront leur comp\u00e9tition le jeudi 15 janvier contre les Tch\u00e8ques, avant d\u2019affronter l\u2019Ukraine le samedi 17 janvier et de conclure ce premier tour face \u00e0 la Norv\u00e8ge, le lundi 19 janvier. L\u2019objectif pour les Bleus sera de terminer parmi les deux premiers de leur groupe afin de se qualifier pour le tour principal, qui se jouera \u00e9galement \u00e0 Herning.<\/p>\n<p class=\"titre-tech\">Les groupes du tour pr\u00e9liminaire<\/p>\n<p class=\"tech\"><strong class=\"tech\">Groupe A (\u00e0 Herning, Danemark) : <\/strong>Allemagne, Espagne, Autriche, Serbie.<\/p>\n<p class=\"tech\"><strong class=\"tech\">Groupe B (\u00e0 Herning) : <\/strong>Danemark, Portugal, Mac\u00e9doine du Nord, Roumanie.<\/p>\n<p class=\"tech\"><strong class=\"tech\">Groupe C (\u00e0 Oslo, Norv\u00e8ge) : <\/strong>FRANCE, Norv\u00e8ge, R\u00e9publique tch\u00e8que, Ukraine.<\/p>\n<p class=\"tech\"><strong class=\"tech\">Groupe D (\u00e0 Oslo) :<\/strong> Slov\u00e9nie, \u00celes F\u00e9ro\u00e9, Mont\u00e9n\u00e9gro, Suisse.<\/p>\n<p class=\"tech\"><strong class=\"tech\">Groupe E (\u00e0 Malm\u00f6, Su\u00e8de) <\/strong>: Su\u00e8de, Croatie, Pays-Bas, G\u00e9orgie.<\/p>\n<p class=\"tech\"><strong class=\"tech\">Groupe F (\u00e0 Kristianstad, Su\u00e8de) : <\/strong>Hongrie, Islande, Pologne, Italie.<\/p>\n<p class=\"titre-tech\">Le programme des bleus<\/p>\n<p><strong class=\"tech\">Tour pr\u00e9liminaire (groupe C).<\/strong><\/p>\n<p class=\"tech\">Jeudi 15 janvier (horaire \u00e0 venir) : France &#8211; R\u00e9publique tch\u00e8que \u00e0 Oslo<\/p>\n<p class=\"tech\">Samedi 17 janvier (horaire \u00e0 venir) : Ukraine &#8211; France \u00e0 Oslo<\/p>\n<p class=\"tech\">Lundi 19 janvier (horaire \u00e0 venir) : France &#8211; Norv\u00e8ge \u00e0 Oslo<\/p>\n","protected":false},"excerpt":{"rendered":"Championnat d\u2019Europe (du 15 janvier au 1er f\u00e9vrier 2026) Le tirage au sort de l\u2019Euro 2026, qui se&hellip;\n","protected":false},"author":2,"featured_media":103392,"comment_status":"","ping_status":"","sticky":false,"template":"","format":"standard","meta":{"footnotes":""},"categories":[4],"tags":[11,3166,1011,27,1792,12,25,60],"class_list":{"0":"post-103391","1":"post","2":"type-post","3":"status-publish","4":"format-standard","5":"has-post-thumbnail","7":"category-france","8":"tag-actualites","9":"tag-en-continu-sports","10":"tag-fr","11":"tag-france","12":"tag-handball","13":"tag-news","14":"tag-republique-francaise","15":"tag-sports"},"share_on_mastodon":{"url":"https:\/\/pubeurope.com\/@fr\/114515202699124246","error":""},"_links":{"self":[{"href":"https:\/\/www.europesays.com\/fr\/wp-json\/wp\/v2\/posts\/103391","targetHints":{"allow":["GET"]}}],"collection":[{"href":"https:\/\/www.europesays.com\/fr\/wp-json\/wp\/v2\/posts"}],"about":[{"href":"https:\/\/www.europesays.com\/fr\/wp-json\/wp\/v2\/types\/post"}],"author":[{"embeddable":true,"href":"https:\/\/www.europesays.com\/fr\/wp-json\/wp\/v2\/users\/2"}],"replies":[{"embeddable":true,"href":"https:\/\/www.europesays.com\/fr\/wp-json\/wp\/v2\/comments?post=103391"}],"version-history":[{"count":0,"href":"https:\/\/www.europesays.com\/fr\/wp-json\/wp\/v2\/posts\/103391\/revisions"}],"wp:featuredmedia":[{"embeddable":true,"href":"https:\/\/www.europesays.com\/fr\/wp-json\/wp\/v2\/media\/103392"}],"wp:attachment":[{"href":"https:\/\/www.europesays.com\/fr\/wp-json\/wp\/v2\/media?parent=103391"}],"wp:term":[{"taxonomy":"category","embeddable":true,"href":"https:\/\/www.europesays.com\/fr\/wp-json\/wp\/v2\/categories?post=103391"},{"taxonomy":"post_tag","embeddable":true,"href":"https:\/\/www.europesays.com\/fr\/wp-json\/wp\/v2\/tags?post=103391"}],"curies":[{"name":"wp","href":"https:\/\/api.w.org\/{rel}","templated":true}]}}