{"id":103404,"date":"2025-05-16T02:50:10","date_gmt":"2025-05-16T02:50:10","guid":{"rendered":"https:\/\/www.europesays.com\/fr\/103404\/"},"modified":"2025-05-16T02:50:10","modified_gmt":"2025-05-16T02:50:10","slug":"cannes-2025-diane-kruger-en-sirene-sexy-elle-ose-la-transparence-au-mepris-du-dress-code","status":"publish","type":"post","link":"https:\/\/www.europesays.com\/fr\/103404\/","title":{"rendered":"Cannes 2025. Diane Kruger en sir\u00e8ne sexy, elle ose la transparence au m\u00e9pris du dress code"},"content":{"rendered":"<p>Le <a href=\"https:\/\/www.closermag.fr\/article-live\/en-direct-cannes-2025-suivez-avec-nous-cette-montee-des-marches-tres-attendue\" target=\"_blank\" rel=\"noopener\"><br \/>\nFestival de Cannes 2025<\/a> n\u2019a pas seulement offert son lot de<br \/>\nfilms attendus, il a aussi \u00e9t\u00e9 le th\u00e9\u00e2tre <strong>de moments mode<br \/>\ninoubliables.<\/strong> Cette ann\u00e9e encore, <a href=\"https:\/\/www.closermag.fr\/people\/cannes-j-5-diane-kruger-devoile-sa-petite-culotte-par-accident-et-les-photographes-ne-se-sont-pas-genes-photos-3542675\" target=\"_blank\" rel=\"noopener\"><br \/>\nDiane Kruger,<\/a> habitu\u00e9e <a href=\"https:\/\/www.closermag.fr\/people\/cannes-2025-eva-longoria-anne-elisabeth-lemoine-renata-notni-elles-se-vengent-du-nouveau-dress-code-a-la-soiree-loreal-3545200\" target=\"_blank\" rel=\"noopener\"><br \/>\nde la Croisette<\/a> et ic\u00f4ne de style, a fait sensation. Elle a os\u00e9<br \/>\nla transparence et en d\u00e9fiant les codes vestimentaires<br \/>\ntraditionnels du tapis rouge.<\/p>\n<p>La com\u00e9dienne 48 ans, n\u2019\u00e9tait pas \u00e0 l\u2019affiche d\u2019un film cette<br \/>\nann\u00e9e. Mais elle a honor\u00e9 de sa pr\u00e9sence la 78e \u00e9dition du<br \/>\nFestival, fid\u00e8le \u00e0 son statut de muse du cin\u00e9ma. Pour l\u2019occasion,<br \/>\nl&rsquo;actrice allemande a choisi une robe semi-transparente. Elle a<br \/>\njou\u00e9 habilement avec les codes <strong>du glamour et de la<br \/>\nprovocation.<\/strong><\/p>\n<p>Un choix mode au m\u00e9pris du dress code ?<\/p>\n<p>Cette cr\u00e9ation laissait subtilement <strong>entrevoir sa<br \/>\nlingerie.<\/strong> Un choix assum\u00e9 qui n\u2019a pas manqu\u00e9 de faire<br \/>\ntourner les t\u00eates et d\u2019enflammer les objectifs des photographes. Si<br \/>\nle Festival de Cannes impose traditionnellement une certaine<br \/>\nretenue vestimentaire, Diane Kruger n\u2019a jamais h\u00e9sit\u00e9 \u00e0 repousser<br \/>\nles limites de la mode.<\/p>\n<blockquote class=\"instagram-media\" style=\"background: #ffffff;border: 0;margin: 1px;width: 100%;padding: 0;max-width: 500px;\" data-instgrm-permalink=\"https:\/\/www.instagram.com\/p\/DJrnE5MsrK1\/?utm_source=ig_web_copy_link\" data-instgrm-version=\"14\"\/>\n<p>Son audace n\u2019est pas sans rappeler un incident marquant de 2015.<br \/>\nLa com\u00e9dienne n&rsquo;avait pas h\u00e9sit\u00e9 \u00e0 d\u00e9filer en mini-robe Dolce &amp;<br \/>\nGabbana et avait malencontreusement <strong>d\u00e9voil\u00e9 sa<br \/>\nculotte<\/strong> lors d\u2019un photocall. Cette ann\u00e9e, la transparence<br \/>\nde sa robe n\u2019est pas le fruit du hasard. Il s&rsquo;agit en r\u00e9alit\u00e9 d&rsquo;une<br \/>\naffirmation de son style et de sa confiance en elle.<\/p>\n<p>Diane Kruger conserve un lien<br \/>\nind\u00e9fectible avec Cannes<\/p>\n<p>Pour rappel, Diane Kruger n\u2019en est pas \u00e0 <strong>son premier<br \/>\ncoup d\u2019\u00e9clat vestimentaire.<\/strong> D\u00e9j\u00e0 lors de pr\u00e9c\u00e9dents<br \/>\n\u00e9v\u00e9nements, elle avait opt\u00e9 pour des tenues audacieuses. On pense<br \/>\nnotamment \u00e0 une robe semi-transparente lors d\u2019une soir\u00e9e Piaget,<br \/>\nqui avait d\u00e9j\u00e0 fait sensation. Sur la Croisette, elle confirme<br \/>\nainsi son statut de modeuse influente, capable de conjuguer<br \/>\nsensualit\u00e9 et \u00e9l\u00e9gance, m\u00eame au risque de bousculer les<br \/>\nconventions.<\/p>\n<p>Malgr\u00e9 les incidents ou les pol\u00e9miques, Diane Kruger reste tr\u00e8s<br \/>\nattach\u00e9e au Festival de Cannes. Elle consid\u00e8re l&rsquo;\u00e9v\u00e8nement comme un<br \/>\nmoment cl\u00e9 de sa carri\u00e8re et de sa vie de femme : \u00ab\u00a0Cannes est<br \/>\n<strong>un endroit tr\u00e8s sp\u00e9cial pour moi.<\/strong> C\u2019est ici que<br \/>\nj\u2019ai rencontr\u00e9 des r\u00e9alisateurs incroyables et que j\u2019ai pr\u00e9sent\u00e9<br \/>\ndes films qui me tiennent \u00e0 c\u0153ur\u00a0\u00bb, avait-elle r\u00e9cemment<br \/>\nconfi\u00e9.<\/p>\n<p><script async src=\"\/\/www.instagram.com\/embed.js\"><\/script><\/p>\n","protected":false},"excerpt":{"rendered":"Le Festival de Cannes 2025 n\u2019a pas seulement offert son lot de films attendus, il a aussi \u00e9t\u00e9&hellip;\n","protected":false},"author":2,"featured_media":103405,"comment_status":"","ping_status":"","sticky":false,"template":"","format":"standard","meta":{"footnotes":""},"categories":[1359],"tags":[548,21996,58,59,1011,27,973],"class_list":{"0":"post-103404","1":"post","2":"type-post","3":"status-publish","4":"format-standard","5":"has-post-thumbnail","7":"category-people","8":"tag-article-simple","9":"tag-diane-kruger","10":"tag-divertissement","11":"tag-entertainment","12":"tag-fr","13":"tag-france","14":"tag-people"},"share_on_mastodon":{"url":"https:\/\/pubeurope.com\/@fr\/114515242068391754","error":""},"_links":{"self":[{"href":"https:\/\/www.europesays.com\/fr\/wp-json\/wp\/v2\/posts\/103404","targetHints":{"allow":["GET"]}}],"collection":[{"href":"https:\/\/www.europesays.com\/fr\/wp-json\/wp\/v2\/posts"}],"about":[{"href":"https:\/\/www.europesays.com\/fr\/wp-json\/wp\/v2\/types\/post"}],"author":[{"embeddable":true,"href":"https:\/\/www.europesays.com\/fr\/wp-json\/wp\/v2\/users\/2"}],"replies":[{"embeddable":true,"href":"https:\/\/www.europesays.com\/fr\/wp-json\/wp\/v2\/comments?post=103404"}],"version-history":[{"count":0,"href":"https:\/\/www.europesays.com\/fr\/wp-json\/wp\/v2\/posts\/103404\/revisions"}],"wp:featuredmedia":[{"embeddable":true,"href":"https:\/\/www.europesays.com\/fr\/wp-json\/wp\/v2\/media\/103405"}],"wp:attachment":[{"href":"https:\/\/www.europesays.com\/fr\/wp-json\/wp\/v2\/media?parent=103404"}],"wp:term":[{"taxonomy":"category","embeddable":true,"href":"https:\/\/www.europesays.com\/fr\/wp-json\/wp\/v2\/categories?post=103404"},{"taxonomy":"post_tag","embeddable":true,"href":"https:\/\/www.europesays.com\/fr\/wp-json\/wp\/v2\/tags?post=103404"}],"curies":[{"name":"wp","href":"https:\/\/api.w.org\/{rel}","templated":true}]}}