{"id":103410,"date":"2025-05-16T02:53:26","date_gmt":"2025-05-16T02:53:26","guid":{"rendered":"https:\/\/www.europesays.com\/fr\/103410\/"},"modified":"2025-05-16T02:53:26","modified_gmt":"2025-05-16T02:53:26","slug":"une-touche-despoir-la-fin-de-la-serie-expliquee-par-le-createur-tony-gilroy","status":"publish","type":"post","link":"https:\/\/www.europesays.com\/fr\/103410\/","title":{"rendered":"\u00ab\u00a0Une touche d\u2019espoir\u2026\u00a0\u00bb La fin de la s\u00e9rie expliqu\u00e9e par le cr\u00e9ateur Tony Gilroy"},"content":{"rendered":"<p>Depuis le mercredi 14 mai, les fans de Star Wars peuvent d\u00e9couvrir les derniers \u00e9pisodes de la saison 2 d\u2019Andor, qui marquent la fin de la s\u00e9rie. Une surprise s\u2019est d\u2019ailleurs gliss\u00e9e dans l\u2019ultime sc\u00e8ne et le cr\u00e9ateur Tony Gilroy nous explique pourquoi elle est importante pour la fiction. <\/p>\n<p>Toutes les bonnes choses ont une fin, m\u00eame les meilleures s\u00e9ries du moment. Depuis un mois, les adeptes de Star Wars \u00e9taient au rendez-vous chaque mercredi pour d\u00e9couvrir sur Disney+ un nouvel \u00e9pisode de <a href=\"https:\/\/www.programme-tv.net\/news\/evenement\/disney-plus-streaming\/377050-andor-disney-la-saison-2-prouve-que-c-est-la-meilleure-serie-de-lunivers-star-wars\/\" data-api-deeplink=\"teleloisirs:\/\/news\/377050\" target=\"_blank\" rel=\"noopener\">la saison 2 d\u2019Andor<\/a>, la s\u00e9rie qui raconte le parcours de Cassia Andor jou\u00e9 par Diego Luna. Les fans attendaient de savoir quels \u00e9v\u00e9nements ont men\u00e9 le rebelle jusqu\u2019\u00e0 sa rencontre avec Jyn Erso dans le film <a href=\"https:\/\/www.programme-tv.net\/news\/cinema\/290191-rogue-one-a-star-wars-story-tf1-que-veut-dire-le-titre\/\" data-api-deeplink=\"teleloisirs:\/\/news\/290191\" target=\"_blank\" rel=\"noopener\">Rogue One : A Star Wars Story<\/a>. Et ils n\u2019ont pas \u00e9t\u00e9 d\u00e9\u00e7us ! Apr\u00e8s une troisi\u00e8me partie riche en \u00e9motion, avec <a href=\"https:\/\/www.programme-tv.net\/news\/evenement\/disney-plus-streaming\/377695-andor-saison-2-episode-8-1-mois-de-tournage-et-plus-de-250-personnes-le-createur-nous-raconte-les-coulisses-dantesques-du-massacre-de-ghorman\/\" data-api-deeplink=\"teleloisirs:\/\/news\/377695\" target=\"_blank\" rel=\"noopener\">un \u00e9pisode 8 grandiose qui s\u2019est achev\u00e9 sur une mort d\u00e9chirante<\/a>, les \u00e9pisodes 10 \u00e0 12 ont \u00e9t\u00e9 d\u00e9voil\u00e9s le mercredi 14 mai. Ils marquent la fin de la s\u00e9rie, <a href=\"https:\/\/www.programme-tv.net\/news\/evenement\/disney-plus-streaming\/377730-andor-pourquoi-la-serie-star-wars-naura-t-elle-pas-de-saison-3\/\" data-api-deeplink=\"teleloisirs:\/\/news\/377730\" target=\"_blank\" rel=\"noopener\">puisqu\u2019il n\u2019y aura pas de saison 3.<\/a> Mais comment l\u2019histoire s\u2019est-elle achev\u00e9e ?<\/p>\n<p>Andor : comment se termine la s\u00e9rie Star Wars de Disney+ ?<\/p>\n<p>Dans les ultimes \u00e9pisodes d\u2019Andor, les fans ont pu d\u00e9couvrir le pass\u00e9 de Luthen et l\u2019origine de sa rencontre avec Kleya. Le personnage jou\u00e9 par Stellan Skarsg\u00e5rd n\u2019en sortait cependant pas vivant puisqu\u2019il \u00e9tait captur\u00e9 par l\u2019Empire. Alors qu\u2019il se trouvait entre la vie et la mort \u00e0 l\u2019h\u00f4pital, Kleya r\u00e9ussissait \u00e0 infiltrer les lieux et le tuait. Sauv\u00e9e par Cassian, elle rejoignait ensuite la base des rebelles. Ces derniers apprenaient avec certitude l\u2019existence de l\u2019Etoile noire et Dedra \u00e9tait soup\u00e7onn\u00e9e d\u2019avoir fait fuiter l\u2019information et \u00e9tait arr\u00eat\u00e9e. La s\u00e9rie se terminait alors que Cassian partait pour la mission qui marque le d\u00e9but du film Rogue One. Mais ce n\u2019est pas tout. <b>Andor<\/b><b> prenait fin sur une ultime sc\u00e8ne montrant Bix<\/b>. Cette derni\u00e8re avait quitt\u00e9 Cassian un peu plus t\u00f4t dans la saison, sans vraiment donner d\u2019explication. On la d\u00e9couvrait sur la plan\u00e8te Mina-Rau, portant dans ses bras un b\u00e9b\u00e9, l\u2019enfant de Cassian.<\/p>\n<p>                        \u00ab\u00a0Je ne voulais pas d\u00e9primer les gens\u00a0\u00bb : Tony Gilroy explique l\u2019ultime sc\u00e8ne d&rsquo;Andor et la r\u00e9v\u00e9lation sur Bix<\/p>\n<p>Pour T\u00e9l\u00e9-Loisirs, <a href=\"https:\/\/www.programme-tv.net\/news\/evenement\/disney-plus-streaming\/377170-andor-saison-2-cest-incessant-le-createur-tony-gilroy-se-confie-sur-les-coulisses-mouvementees-de-la-serie-star-wars\/\" data-api-deeplink=\"teleloisirs:\/\/news\/377170\" target=\"_blank\" rel=\"noopener\">Tony Gilroy<\/a> est revenu sur cette ultime sc\u00e8ne de la s\u00e9rie, qui permet d\u2019apporter plusieurs choses selon lui. \u00ab\u00a0Cette sc\u00e8ne nous aide \u00e0 expliquer pourquoi Bix est partie. Pour les personnes qui pourraient se poser des questions sur ses raisons, cela y r\u00e9pond\u00a0\u00bb, nous a expliqu\u00e9 le cr\u00e9ateur de la s\u00e9rie. Mais, avec ce moment touchant montrant que Bix a eu un enfant, n\u00e9 de sa relation avec Cassian, le cr\u00e9ateur a aussi voulu apporter \u00ab\u00a0une touche d\u2019espoir\u00a0\u00bb. On sait en effet gr\u00e2ce \u00e0 Rogue One que Cassian ne survivra pas \u00e0 sa mission de r\u00e9cup\u00e9rer les plans de l\u2019Etoile de la mort, puisqu\u2019il meurt sur Scarif, l\u2019Empire d\u00e9truisant la plan\u00e8te avec son arme de destruction massive. \u00ab\u00a0<b>Je veux que cette s\u00e9rie soit pleine d\u2019espoir pour les gens<\/b>, m\u00eame s\u2019il y a eu des choses tragiques dans la s\u00e9rie, qu\u2019il est arriv\u00e9 des choses difficiles aux personnages, m\u00eame si certains sont oubli\u00e9s. Je voulais vraiment souligner que tous ont fait quelque chose et qu\u2019il y a de l\u2019espoir. Je ne voulais pas d\u00e9primer les gens !\u201d, d\u00e9clare Tony Gilroy<\/p>\n<p>            Andor : une fin \u00ab\u00a0exaltante\u00a0\u00bb selon Tony Gilroy<\/p>\n<p>Le cr\u00e9ateur d\u2019Andor explique aussi que cette ultime sc\u00e8ne sur Mina-Rau est \u00ab\u00a0logique\u00a0\u00bb pour le personnage de Bix. \u00ab\u00a0\u00c7a me semblait logique qu\u2019elle soit retourn\u00e9e sur cette plan\u00e8te o\u00f9 elle a \u00e9t\u00e9 heureuse, o\u00f9 elle avait des amis, o\u00f9 elle peut \u00eatre prot\u00e9g\u00e9e et que B2 soit l\u00e0\u00a0\u00bb, a-t-il confi\u00e9. Et d\u2019ajouter : \u00ab\u00a0Je voulais que les gens ressentent quelque chose d\u2019exaltant \u00e0 la fin.\u00a0\u00bb Mission accomplie !<\/p>\n<p>  <a class=\"cta\" href=\"https:\/\/fliz.ly\/WPQ71_w\" rel=\"nofollow noopener\" target=\"_blank\"><br \/>\n    \tAbonnez-vous \u00e0 Disney+ pour d\u00e9couvrir ce programme<br \/>\n  <\/a><\/p>\n","protected":false},"excerpt":{"rendered":"Depuis le mercredi 14 mai, les fans de Star Wars peuvent d\u00e9couvrir les derniers \u00e9pisodes de la saison&hellip;\n","protected":false},"author":2,"featured_media":103411,"comment_status":"","ping_status":"","sticky":false,"template":"","format":"standard","meta":{"footnotes":""},"categories":[1356],"tags":[10559,244,21997,10451,58,59,1011,27,10450,129,252,1364],"class_list":{"0":"post-103410","1":"post","2":"type-post","3":"status-publish","4":"format-standard","5":"has-post-thumbnail","7":"category-television","8":"tag-andor","9":"tag-commentaire","10":"tag-diego-luna","11":"tag-disney-plus","12":"tag-divertissement","13":"tag-entertainment","14":"tag-fr","15":"tag-france","16":"tag-pub-streaming-disney-plus","17":"tag-svod","18":"tag-television","19":"tag-tv"},"share_on_mastodon":{"url":"https:\/\/pubeurope.com\/@fr\/114515253877987196","error":""},"_links":{"self":[{"href":"https:\/\/www.europesays.com\/fr\/wp-json\/wp\/v2\/posts\/103410","targetHints":{"allow":["GET"]}}],"collection":[{"href":"https:\/\/www.europesays.com\/fr\/wp-json\/wp\/v2\/posts"}],"about":[{"href":"https:\/\/www.europesays.com\/fr\/wp-json\/wp\/v2\/types\/post"}],"author":[{"embeddable":true,"href":"https:\/\/www.europesays.com\/fr\/wp-json\/wp\/v2\/users\/2"}],"replies":[{"embeddable":true,"href":"https:\/\/www.europesays.com\/fr\/wp-json\/wp\/v2\/comments?post=103410"}],"version-history":[{"count":0,"href":"https:\/\/www.europesays.com\/fr\/wp-json\/wp\/v2\/posts\/103410\/revisions"}],"wp:featuredmedia":[{"embeddable":true,"href":"https:\/\/www.europesays.com\/fr\/wp-json\/wp\/v2\/media\/103411"}],"wp:attachment":[{"href":"https:\/\/www.europesays.com\/fr\/wp-json\/wp\/v2\/media?parent=103410"}],"wp:term":[{"taxonomy":"category","embeddable":true,"href":"https:\/\/www.europesays.com\/fr\/wp-json\/wp\/v2\/categories?post=103410"},{"taxonomy":"post_tag","embeddable":true,"href":"https:\/\/www.europesays.com\/fr\/wp-json\/wp\/v2\/tags?post=103410"}],"curies":[{"name":"wp","href":"https:\/\/api.w.org\/{rel}","templated":true}]}}