{"id":103419,"date":"2025-05-16T02:58:13","date_gmt":"2025-05-16T02:58:13","guid":{"rendered":"https:\/\/www.europesays.com\/fr\/103419\/"},"modified":"2025-05-16T02:58:13","modified_gmt":"2025-05-16T02:58:13","slug":"arrete-au-royaume-uni-le-chanteur-chris-brown-a-ete-inculpe-pour-coups-et-blessures-volontaires","status":"publish","type":"post","link":"https:\/\/www.europesays.com\/fr\/103419\/","title":{"rendered":"Arr\u00eat\u00e9 au Royaume-Uni, le chanteur Chris Brown a \u00e9t\u00e9 inculp\u00e9 pour \u00ab\u00a0coups et blessures volontaires\u00a0\u00bb"},"content":{"rendered":"<p><a href=\"https:\/\/www.20minutes.fr\/people\/chris_brown\/\" class=\"color-ultramarine c-link\" target=\"_blank\" rel=\"noopener\">Chris Brown<\/a>, condamn\u00e9 en\u00a02009 pour violences conjugales sur la chanteuse <a href=\"https:\/\/www.20minutes.fr\/people\/rihanna\/\" class=\"color-ultramarine c-link\" target=\"_blank\" rel=\"noopener\">Rihanna<\/a>, a \u00e9t\u00e9 arr\u00eat\u00e9 ce jeudi \u00e0 <a href=\"https:\/\/www.20minutes.fr\/dossier\/manchester\" class=\"color-ultramarine c-link\" target=\"_blank\" rel=\"noopener\">Manchester <\/a>en <a href=\"https:\/\/www.20minutes.fr\/dossier\/angleterre\" class=\"color-ultramarine c-link\" target=\"_blank\" rel=\"noopener\">Angleterre<\/a> dans un h\u00f4tel peu apr\u00e8s 14 heures. Il est accus\u00e9 d\u2019avoir agress\u00e9 un producteur de musique au cours d\u2019une soir\u00e9e en bo\u00eete de nuit en\u00a02023.<\/p>\n<p>Apr\u00e8s son interpellation, la police de Londres a annonc\u00e9 son inculpation pour \u00ab coups et blessures volontaires \u00bb, soup\u00e7onn\u00e9 d&rsquo;une \u00ab agression \u00bb. Il comparaitra devant la justice ce vendredi.<\/p>\n<p>\u00ab\u00a0Une bouteille\u00a0\u00bb dans la t\u00eate et des coups<\/p>\n<p>L\u2019arrestation \u00ab\u00a0est li\u00e9e \u00e0 un incident survenu le 19\u00a0f\u00e9vrier 2023 dans un \u00e9tablissement de Hanover Square\u00a0\u00bb place situ\u00e9e dans le tr\u00e8s chic quartier de Mayfair \u00e0 Londres, a pr\u00e9cis\u00e9 la police. Selon le tablo\u00efd The Sun, Chris Brown est accus\u00e9 par le producteur de musique Abe Diaw de l\u2019avoir attaqu\u00e9 cette nuit-l\u00e0 dans la bo\u00eete de nuit Tape.<\/p>\n<\/p>\n<p>Il lui aurait notamment jet\u00e9 une bouteille sur la t\u00eate et l\u2019aurait frapp\u00e9 alors qu\u2019il se trouvait au sol. Le chanteur \u00e9tait \u00e0 l\u2019\u00e9poque en tourn\u00e9e au Royaume-Uni. Il doit entamer le mois prochain une nouvelle tourn\u00e9e mondiale, avec pr\u00e8s de dix concerts pr\u00e9vus en juin et juillet au Royaume-Uni.<\/p>\n<p><a href=\"https:\/\/www.20minutes.fr\/arts-stars\/people\/\" class=\"c-link c-btn c-btn--primary\" target=\"_blank\" rel=\"noopener\">Notre dossier People<\/a><\/p>\n<p>Par le pass\u00e9 Chris Brown a fait l\u2019objet de nombreuses accusations de violences, notamment lorsqu\u2019il a \u00e9t\u00e9 reconnu coupable d\u2019avoir battu Rihanna, alors sa petite amie, avant les Grammy Awards 2009, obligeant la superstar de la pop \u00e0 manquer le gala annuel de l\u2019industrie de la musique.<\/p>\n","protected":false},"excerpt":{"rendered":"Chris Brown, condamn\u00e9 en\u00a02009 pour violences conjugales sur la chanteuse Rihanna, a \u00e9t\u00e9 arr\u00eat\u00e9 ce jeudi \u00e0 Manchester&hellip;\n","protected":false},"author":2,"featured_media":103420,"comment_status":"","ping_status":"","sticky":false,"template":"","format":"standard","meta":{"footnotes":""},"categories":[8],"tags":[47,4708,21843,58,59,1011,27,303,3491,973,5418,473,2949,798],"class_list":{"0":"post-103419","1":"post","2":"type-post","3":"status-publish","4":"format-standard","5":"has-post-thumbnail","7":"category-divertissement","8":"tag-actualite","9":"tag-angleterre","10":"tag-chris-brown","11":"tag-divertissement","12":"tag-entertainment","13":"tag-fr","14":"tag-france","15":"tag-justice","16":"tag-manchester","17":"tag-people","18":"tag-rihanna","19":"tag-royaume-uni","20":"tag-violences","21":"tag-violences-conjugales"},"share_on_mastodon":{"url":"https:\/\/pubeurope.com\/@fr\/114515273560270955","error":""},"_links":{"self":[{"href":"https:\/\/www.europesays.com\/fr\/wp-json\/wp\/v2\/posts\/103419","targetHints":{"allow":["GET"]}}],"collection":[{"href":"https:\/\/www.europesays.com\/fr\/wp-json\/wp\/v2\/posts"}],"about":[{"href":"https:\/\/www.europesays.com\/fr\/wp-json\/wp\/v2\/types\/post"}],"author":[{"embeddable":true,"href":"https:\/\/www.europesays.com\/fr\/wp-json\/wp\/v2\/users\/2"}],"replies":[{"embeddable":true,"href":"https:\/\/www.europesays.com\/fr\/wp-json\/wp\/v2\/comments?post=103419"}],"version-history":[{"count":0,"href":"https:\/\/www.europesays.com\/fr\/wp-json\/wp\/v2\/posts\/103419\/revisions"}],"wp:featuredmedia":[{"embeddable":true,"href":"https:\/\/www.europesays.com\/fr\/wp-json\/wp\/v2\/media\/103420"}],"wp:attachment":[{"href":"https:\/\/www.europesays.com\/fr\/wp-json\/wp\/v2\/media?parent=103419"}],"wp:term":[{"taxonomy":"category","embeddable":true,"href":"https:\/\/www.europesays.com\/fr\/wp-json\/wp\/v2\/categories?post=103419"},{"taxonomy":"post_tag","embeddable":true,"href":"https:\/\/www.europesays.com\/fr\/wp-json\/wp\/v2\/tags?post=103419"}],"curies":[{"name":"wp","href":"https:\/\/api.w.org\/{rel}","templated":true}]}}