{"id":103423,"date":"2025-05-16T03:00:09","date_gmt":"2025-05-16T03:00:09","guid":{"rendered":"https:\/\/www.europesays.com\/fr\/103423\/"},"modified":"2025-05-16T03:00:09","modified_gmt":"2025-05-16T03:00:09","slug":"edf-signe-enfin-un-contrat-avec-un-grand-industriel-aluminium-dunkerque","status":"publish","type":"post","link":"https:\/\/www.europesays.com\/fr\/103423\/","title":{"rendered":"EDF signe enfin un contrat avec un grand industriel, Aluminium Dunkerque"},"content":{"rendered":"<p><strong>D\u00c9CRYPTAGE<\/strong> &#8211; L\u2019\u00e9lectricien a sign\u00e9 un protocole d\u2019accord avec le producteur d\u2019aluminium, le gros consommateur d\u2019\u00e9lectricit\u00e9 de France.<\/p>\n<p class=\"fig-paragraph\">Enfin une solution. Le producteur d\u2019aluminium\u00a0Aluminium Dunkerque\u00a0et\u00a0<a href=\"https:\/\/www.lefigaro.fr\/tag\/edf\" target=\"_blank\" rel=\"noopener nofollow\" data-gtm-custom-categorie=\"navigation\" data-gtm-custom-action=\"crossclick\" data-gtm-custom-label=\"Contextuel\" data-gtm-event=\"customEventSPE\">EDF<\/a>\u00a0viennent de s\u2019entendre sur un contrat d\u2019approvisionnement en \u00e9lectricit\u00e9. C\u2019est un marqueur important, ce site \u00e9tant le plus gros consommateur d\u2019\u00e9lectrons en France, captant 5\u00a0% de la consommation d\u2019\u00e9lectricit\u00e9 industrielle du pays, soit l\u2019\u00e9quivalent d\u2019une ville comme Marseille (4\u00a0t\u00e9rawattheure).<\/p>\n<p class=\"fig-paragraph\"><a href=\"http:\/\/www.lefigaro.fr\/societes\/edf-l-assemblee-generale-du-groupe-valide-la-nomination-du-nouveau-pdg-bernard-fontana-20250505\" target=\"_blank\" data-fig-type=\"NewsFlash\" rel=\"noopener nofollow\" data-gtm-custom-categorie=\"navigation\" data-gtm-custom-action=\"crossclick\" data-gtm-custom-label=\"Contextuel\" data-gtm-event=\"customEventSPE\" data-fig-domain=\"LEFIGARO\">Bernard Fontana<\/a>\u00a0ne pouvait r\u00eaver mieux pour commencer son mandat de PDG d\u2019EDF. Officiellement nomm\u00e9 par d\u00e9cret de la pr\u00e9sidence de la R\u00e9publique le 7\u00a0mai, il n\u2019a pas tard\u00e9 \u00e0 mettre en place la strat\u00e9gie \u00ab\u00a0d\u2019\u00e9coute des industriels\u00a0\u00bb r\u00e9clam\u00e9e \u00e0 cor et \u00e0 cri par ces derniers\u2026 et par le gouvernement. \u00ab\u00a0C\u2019est une tr\u00e8s bonne nouvelle qui ouvre la voie \u00e0 d\u2019autres\u00a0\u00bb, salue\u00a0<a href=\"http:\/\/www.lefigaro.fr\/politique\/elle-n-est-pas-une-victime-xavier-bertrand-intime-a-la-droite-d-arreter-d-avoir-peur-du-rn-et-de-marine-le-pen-20250402\" target=\"_blank\" data-fig-type=\"NewsFlash\" rel=\"noopener nofollow\" data-gtm-custom-categorie=\"navigation\" data-gtm-custom-action=\"crossclick\" data-gtm-custom-label=\"Contextuel\" data-gtm-event=\"customEventSPE\" data-fig-domain=\"LEFIGARO\">Xavier Bertrand<\/a>, le pr\u00e9sident des Hauts-de-France.<\/p>\n<p class=\"fig-paragraph\">\u00ab\u00a0Depuis le changement \u00e0 la t\u00eate d\u2019EDF, les discussions ont acc\u00e9l\u00e9r\u00e9, confie au Figaro Guillaume de Go\u00ffs, pr\u00e9sident d\u2019Aluminium Dunkerque. Cela fait dix-huit mois que nous travaillons sur ce sujet.\u00a0\u00bb<\/p>\n<p class=\"fig-premium-paywall__infos\">\n        Cet article est r\u00e9serv\u00e9 aux abonn\u00e9s.        Il vous reste 81% \u00e0 d\u00e9couvrir.\n    <\/p>\n<p>                <img  data- alt=\"Le Figaro\" class=\"fig-img--complete fig-img\"\/><\/p>\n<p class=\"fig-premium-paywall__title\">Vente Flash<\/p>\n<p class=\"fig-premium-paywall__subtitle\">4,99\u20ac par mois pendant 12 mois. Sans engagement.<\/p>\n<p class=\"fig-premium-paywall__connect\">\n                D\u00e9j\u00e0 abonn\u00e9\u00a0?                <a class=\"fig-premium-paywall__connect-link\" href=\"https:\/\/connect.lefigaro.fr\/login?client=horizon_web&amp;type=main&amp;redirect_uri=https%3A%2F%2Fwww.lefigaro.fr%2Fsocietes%2Fedf-signe-enfin-un-contrat-avec-un-grand-industriel-aluminium-dunkerque-20250515\" data-js-gtm=\"{&quot;customCategorie&quot;: &quot;conversion&quot;, &quot;customAction&quot;: &quot;before_Landing_Connexion_paywall_auto&quot;, &quot;customLabel&quot;: &quot;bGVmaWdhcm8uZnJfXzFmMDMxOTg4LThmYjktNjcwYS1hOTRlLWU1Zjg3MDYxNTgzZl9fQXJ0aWNsZQ==_EDF signe enfin un contrat avec un grand industriel, Aluminium Dunkerque_202&quot;, &quot;customIDSPE&quot;: &quot;bGVmaWdhcm8uZnJfXzFmMDMxOTg4LThmYjktNjcwYS1hOTRlLWU1Zjg3MDYxNTgzZl9fQXJ0aWNsZQ==&quot;, &quot;event&quot;: &quot;customEventSPE&quot;}\" rel=\"nofollow noopener\" target=\"_blank\"><br \/>\n                    Connectez-vous<br \/>\n                <\/a>\n            <\/p>\n","protected":false},"excerpt":{"rendered":"D\u00c9CRYPTAGE &#8211; L\u2019\u00e9lectricien a sign\u00e9 un protocole d\u2019accord avec le producteur d\u2019aluminium, le gros consommateur d\u2019\u00e9lectricit\u00e9 de France.&hellip;\n","protected":false},"author":2,"featured_media":103424,"comment_status":"","ping_status":"","sticky":false,"template":"","format":"standard","meta":{"footnotes":""},"categories":[6],"tags":[631,627,630,21999,340,398,35,343,634,405,629,636,920,33,34,1647,632,638,1011,27,637,399,639,635,401,628,633,407],"class_list":{"0":"post-103423","1":"post","2":"type-post","3":"status-publish","4":"format-standard","5":"has-post-thumbnail","7":"category-economie","8":"tag-action","9":"tag-actions-francaise","10":"tag-actualite-bourse","11":"tag-aluminium","12":"tag-bourse","13":"tag-bourse-de-paris","14":"tag-business","15":"tag-cac-40","16":"tag-cotation","17":"tag-cotations","18":"tag-cours-des-societes-francaises","19":"tag-devises","20":"tag-dunkerque","21":"tag-economie","22":"tag-economy","23":"tag-edf","24":"tag-fcp","25":"tag-figaro","26":"tag-fr","27":"tag-france","28":"tag-indices","29":"tag-investissement","30":"tag-le-figaro","31":"tag-marches","32":"tag-sicav","33":"tag-societes-etrangeres","34":"tag-warrant","35":"tag-warrants"},"share_on_mastodon":{"url":"https:\/\/pubeurope.com\/@fr\/114515281469777274","error":""},"_links":{"self":[{"href":"https:\/\/www.europesays.com\/fr\/wp-json\/wp\/v2\/posts\/103423","targetHints":{"allow":["GET"]}}],"collection":[{"href":"https:\/\/www.europesays.com\/fr\/wp-json\/wp\/v2\/posts"}],"about":[{"href":"https:\/\/www.europesays.com\/fr\/wp-json\/wp\/v2\/types\/post"}],"author":[{"embeddable":true,"href":"https:\/\/www.europesays.com\/fr\/wp-json\/wp\/v2\/users\/2"}],"replies":[{"embeddable":true,"href":"https:\/\/www.europesays.com\/fr\/wp-json\/wp\/v2\/comments?post=103423"}],"version-history":[{"count":0,"href":"https:\/\/www.europesays.com\/fr\/wp-json\/wp\/v2\/posts\/103423\/revisions"}],"wp:featuredmedia":[{"embeddable":true,"href":"https:\/\/www.europesays.com\/fr\/wp-json\/wp\/v2\/media\/103424"}],"wp:attachment":[{"href":"https:\/\/www.europesays.com\/fr\/wp-json\/wp\/v2\/media?parent=103423"}],"wp:term":[{"taxonomy":"category","embeddable":true,"href":"https:\/\/www.europesays.com\/fr\/wp-json\/wp\/v2\/categories?post=103423"},{"taxonomy":"post_tag","embeddable":true,"href":"https:\/\/www.europesays.com\/fr\/wp-json\/wp\/v2\/tags?post=103423"}],"curies":[{"name":"wp","href":"https:\/\/api.w.org\/{rel}","templated":true}]}}