{"id":103425,"date":"2025-05-16T03:01:14","date_gmt":"2025-05-16T03:01:14","guid":{"rendered":"https:\/\/www.europesays.com\/fr\/103425\/"},"modified":"2025-05-16T03:01:14","modified_gmt":"2025-05-16T03:01:14","slug":"leon-xiv-ce-couple-de-chicago-fait-une-folle-decouverte-sur-son-mariage","status":"publish","type":"post","link":"https:\/\/www.europesays.com\/fr\/103425\/","title":{"rendered":"L\u00e9on XIV : ce couple de Chicago fait une folle d\u00e9couverte sur son mariage"},"content":{"rendered":"<p>      R\u00e9sum\u00e9<\/p>\n<p>Un couple de Chicago d\u00e9couvre avec \u00e9motion que le nouveau pape, L\u00e9on XIV, avait pr\u00e9sid\u00e9 leur mariage dix ans auparavant.<\/p>\n<p>        Sommaire<\/p>\n<p>Le pape Fran\u00e7ois est mort \u00e0 P\u00e2ques dernier. Et, miracle, le <a href=\"https:\/\/vsd.fr\/80141-leon-xiv-un-detail-sur-la-tenue-vestimentaire-du-pape-fait-jaser\/\" target=\"_blank\" rel=\"noopener\">Vatican a d\u00e9j\u00e0 \u00e9lu son successeur<\/a> avant l&rsquo;Ascension. <strong>Il s&rsquo;appelle Robert Prevost, il a 69 ans, il est Am\u00e9ricain<\/strong>, et il a <a href=\"https:\/\/www.public.fr\/fin-du-conclave-robert-francis-prevost-leon-xiv-est-le-nouveau-pape-apres-la-mort-du-pape-francois\" target=\"_blank\" rel=\"noopener\">choisi le nom de L\u00e9on XIV.<\/a> <\/p>\n<p>Mais certains catholiques, comme Heather Schmit-Jaroch et son mari Dominic Jaroch pr\u00e9f\u00e8rent l&rsquo;appeler \u00ab\u00a0p\u00e8re Bob\u00a0\u00bb. Dans les colonnes de People magazine, <a href=\"https:\/\/www.public.fr\/leon-xiv-le-frere-du-pape-fait-deja-parler-de-lui\" target=\"_blank\" rel=\"noopener\">ce couple de la banlieue de Chicago<\/a> a r\u00e9v\u00e9l\u00e9 que <strong>le nouveau pape les avait mari\u00e9s il y a plus de dix ans\u00a0!<\/strong><\/p>\n<p>Ils ont appris la nouvelle, le 8 mai 2025, alors qu&rsquo;ils \u00e9taient en train de faire du camping. Et comme ils l&rsquo;expliquent \u00e0 nos confr\u00e8res<strong>, ils ont \u00ab\u00a0imm\u00e9diatement pleur\u00e9\u00a0\u00bb. <\/strong><\/p>\n<p>Le pape L\u00e9on XIV a mari\u00e9 ce couple en 2014<\/p>\n<p>Ils se sont souvenus du jour o\u00f9 ils ont rencontr\u00e9 l&rsquo;homme d&rsquo;Eglise. C&rsquo;\u00e9tait le 19\u00a0juillet\u00a02014 \u00e0 la chapelle du sanctuaire Sainte-Rita de Cascia \u00e0 Chicago. Cadeau du p\u00e8re de la mari\u00e9e, il avait organis\u00e9 la venue de Robert Prevost (futur L\u00e9on XIV) <strong>pour quelques heures, depuis le P\u00e9rou. <\/strong><\/p>\n<p>C&rsquo;est l\u00e0 que <a href=\"https:\/\/www.public.fr\/robert-francis-prevost-devient-le-pape-leon-xiv-le-pontife-de-69-ans-mele-a-un-scandale-sexuel-au-perou\" target=\"_blank\" rel=\"noopener\">ce disciple de Saint Augustin \u00e9tait en mission,<\/a> avant d&rsquo;\u00eatre appel\u00e9 \u00e0 ses actuelles fonctions. Originaire de Chicago,<strong> il avait gard\u00e9 des amiti\u00e9s solides sur place, si bien qu&rsquo;il voyait Ed Schmit<\/strong> (le p\u00e8re de la mari\u00e9e) \u00e0 chaque fois qu&rsquo;il rentrait, pour d\u00eener ou pour aller \u00e0 un match de baseball.<\/p>\n<p>Il \u00e9tait humble et amusant<\/p>\n<p>\u00c0 nos confr\u00e8res, la mari\u00e9e a expliqu\u00e9 \u00e0 propos de son p\u00e8re, aujourd&rsquo;hui d\u00e9c\u00e9d\u00e9 : \u00ab\u00a0<strong>J&rsquo;aurais aim\u00e9 que mon p\u00e8re soit l\u00e0 pour voir \u00e7a<\/strong>, parce que c&rsquo;\u00e9tait un de ses bons amis\u00a0\u00bb depuis les ann\u00e9es 80. Et son mari de plaisanter : \u00ab\u00a0J&rsquo;aurais peut-\u00eatre pu prendre quelques cocktails avec le pape\u00a0\u00bb.<\/p>\n<p>Les mari\u00e9s ont d\u00e9cri L\u00e9on XIV comme un homme <strong>\u00ab\u00a0paisible et terre-\u00e0-terre\u00a0\u2013 simplement joyeux et amusant\u00a0\u00bb, mais aussi, \u00ab\u00a0tr\u00e8s humble\u00a0\u00bb.<\/strong> Eux qui n&rsquo;en reviennent pas d&rsquo;avoir \u00e9t\u00e9 mari\u00e9s par le pape, n&rsquo;ont qu&rsquo;une h\u00e2te d\u00e9sormais, \u00e9plucher les albums photos de leur plus beau jour.<\/p>\n<p>      Mentionn\u00e9s dans cet article<\/p>\n<p>\u00c0 lire aussi<\/p>\n","protected":false},"excerpt":{"rendered":"R\u00e9sum\u00e9 Un couple de Chicago d\u00e9couvre avec \u00e9motion que le nouveau pape, L\u00e9on XIV, avait pr\u00e9sid\u00e9 leur mariage&hellip;\n","protected":false},"author":2,"featured_media":103426,"comment_status":"","ping_status":"","sticky":false,"template":"","format":"standard","meta":{"footnotes":""},"categories":[5],"tags":[11,12336,1011,27,14,1930,12,20114,4193,28],"class_list":{"0":"post-103425","1":"post","2":"type-post","3":"status-publish","4":"format-standard","5":"has-post-thumbnail","7":"category-international","8":"tag-actualites","9":"tag-eglise","10":"tag-fr","11":"tag-france","12":"tag-international","13":"tag-mariage","14":"tag-news","15":"tag-pape-leon-xiv","16":"tag-vatican","17":"tag-world"},"share_on_mastodon":{"url":"https:\/\/pubeurope.com\/@fr\/114515285354902441","error":""},"_links":{"self":[{"href":"https:\/\/www.europesays.com\/fr\/wp-json\/wp\/v2\/posts\/103425","targetHints":{"allow":["GET"]}}],"collection":[{"href":"https:\/\/www.europesays.com\/fr\/wp-json\/wp\/v2\/posts"}],"about":[{"href":"https:\/\/www.europesays.com\/fr\/wp-json\/wp\/v2\/types\/post"}],"author":[{"embeddable":true,"href":"https:\/\/www.europesays.com\/fr\/wp-json\/wp\/v2\/users\/2"}],"replies":[{"embeddable":true,"href":"https:\/\/www.europesays.com\/fr\/wp-json\/wp\/v2\/comments?post=103425"}],"version-history":[{"count":0,"href":"https:\/\/www.europesays.com\/fr\/wp-json\/wp\/v2\/posts\/103425\/revisions"}],"wp:featuredmedia":[{"embeddable":true,"href":"https:\/\/www.europesays.com\/fr\/wp-json\/wp\/v2\/media\/103426"}],"wp:attachment":[{"href":"https:\/\/www.europesays.com\/fr\/wp-json\/wp\/v2\/media?parent=103425"}],"wp:term":[{"taxonomy":"category","embeddable":true,"href":"https:\/\/www.europesays.com\/fr\/wp-json\/wp\/v2\/categories?post=103425"},{"taxonomy":"post_tag","embeddable":true,"href":"https:\/\/www.europesays.com\/fr\/wp-json\/wp\/v2\/tags?post=103425"}],"curies":[{"name":"wp","href":"https:\/\/api.w.org\/{rel}","templated":true}]}}