{"id":103427,"date":"2025-05-16T03:02:11","date_gmt":"2025-05-16T03:02:11","guid":{"rendered":"https:\/\/www.europesays.com\/fr\/103427\/"},"modified":"2025-05-16T03:02:11","modified_gmt":"2025-05-16T03:02:11","slug":"le-pen-tance-la-position-indigne-de-macron-sur-la-situation-au-proche-orient","status":"publish","type":"post","link":"https:\/\/www.europesays.com\/fr\/103427\/","title":{"rendered":"Le Pen tance la position \u00abindigne\u00bb de Macron sur la situation au Proche-Orient"},"content":{"rendered":"<p>Invit\u00e9e jeudi de la cha\u00eene I24NEWS, la chef des d\u00e9put\u00e9s RN dit \u00abpartager l\u2019objectif\u00bb de l\u2019\u00c9tat h\u00e9breu \u00abd\u2019\u00e9radiquer le Hamas\u00bb. Une r\u00e9ponse au pr\u00e9sident de la R\u00e9publique, qui a qualifi\u00e9 de \u00abhonte\u00bb la riposte militaire d\u2019Isra\u00ebl \u00e0 Gaza.<\/p>\n<p class=\"fig-paragraph\"><a href=\"http:\/\/www.lefigaro.fr\/actualite-france\/entre-marine-le-pen-et-jordan-bardella-l-inconfortable-cohabitation-20250514\" data-fig-type=\"Article\" data-gtm-custom-categorie=\"navigation\" data-gtm-custom-action=\"crossclick\" data-gtm-custom-label=\"Contextuel\" data-gtm-event=\"customEventSPE\" data-fig-domain=\"LEFIGARO\" target=\"_blank\" rel=\"noopener\">Marine Le Pen<\/a>\u00a0en est consciente. L\u2019ultime \u00e9tape de la strat\u00e9gie de \u00abd\u00e9diabolisation\u00bb du Rassemblement national (RN), qui se heurte encore \u00e0 des r\u00e9sistances dans l\u2019opinion en raison de son histoire et des provocations antis\u00e9mites r\u00e9p\u00e9t\u00e9es de\u00a0<a href=\"http:\/\/www.lefigaro.fr\/politique\/mort-de-jean-marie-le-pen-une-place-de-diable-a-prendre-20250108\" target=\"_blank\" data-fig-type=\"Article\" rel=\"noopener\" data-gtm-custom-categorie=\"navigation\" data-gtm-custom-action=\"crossclick\" data-gtm-custom-label=\"Contextuel\" data-gtm-event=\"customEventSPE\" data-fig-domain=\"LEFIGARO\">Jean-Marie Le\u00a0Pen,\u00a0<\/a>passe par un rapprochement avec la communaut\u00e9 juive de France. Mais aussi avec\u00a0<a href=\"http:\/\/www.lefigaro.fr\/international\/nous-repondrons-en-annexant-les-colonies-de-cisjordanie-la-menace-voilee-d-israel-a-la-france-si-elle-reconnait-la-palestine-20250509\" data-fig-type=\"Article\" data-gtm-custom-categorie=\"navigation\" data-gtm-custom-action=\"crossclick\" data-gtm-custom-label=\"Contextuel\" data-gtm-event=\"customEventSPE\" data-fig-domain=\"LEFIGARO\" target=\"_blank\" rel=\"noopener\">Isra\u00ebl &#8211;\u00a0<\/a>pays en guerre que Jordan Bardella, le patron du parti \u00e0 la flamme, a visit\u00e9 en mars dernier \u00e0 l\u2019invitation des autorit\u00e9s locales. Cette ligne, Marine Le Pen y est attach\u00e9e, au point d\u2019appara\u00eetre comme l\u2019une des voix les plus pro-isra\u00e9liennes de l\u2019\u00e9chiquier politique fran\u00e7ais.<\/p>\n<p class=\"fig-paragraph\">Alors que l\u2019\u00c9tat h\u00e9breu est mis au ban de la sc\u00e8ne internationale pour avoir repris ses bombardements et son offensive terrestre sur la bande de Gaza afin, dit-il, de contraindre le Hamas \u00e0 lib\u00e9rer les derniers otages isra\u00e9liens captur\u00e9s lors des attaques du 7 octobre 2023, la chef des d\u00e9put\u00e9s nationalistes affiche un soutien sans r\u00e9serve au gouvernement de Benyamin Netanyahou.<\/p>\n<p class=\"fig-paragraph\">Invit\u00e9e jeudi soir de la cha\u00eene I24NEWS, la triple candidate \u00e0 l\u2019\u00e9lection pr\u00e9sidentielle a jug\u00e9 que l\u2019\u00c9tat juif \u00abfait ce qu\u2019il peut dans une situation extr\u00eamement difficile\u00bb, et affirm\u00e9 \u00abpartager l\u2019objectif\u00bb d\u2019Isra\u00ebl d\u2019\u00ab\u00e9radiquer le Hamas\u00bb. Une position diam\u00e9tralement oppos\u00e9e \u00e0 celle d\u2019Emmanuel Macron, qui a qualifi\u00e9, mardi soir sur TF1, la strat\u00e9gie militaire isra\u00e9lienne \u00e0 Gaza de \u00abhonte\u00bb et d\u2019\u00abinacceptable\u00bb, allant jusqu\u2019\u00e0 envisager une r\u00e9vision des \u00abaccords de coop\u00e9ration\u00bb entre l\u2019Union europ\u00e9enne et Tel-Aviv. D\u00e8s le lendemain, ces critiques ont fait bondir\u00a0<a href=\"http:\/\/www.lefigaro.fr\/international\/israel-benyamin-netanyahou-accuse-emmanuel-macron-de-se-ranger-du-cote-d-une-organisation-terroriste-20250514\" data-fig-type=\"NewsFlash\" data-gtm-custom-categorie=\"navigation\" data-gtm-custom-action=\"crossclick\" data-gtm-custom-label=\"Contextuel\" data-gtm-event=\"customEventSPE\" data-fig-domain=\"LEFIGARO\" target=\"_blank\" rel=\"noopener\">Benyamin Netanyahou<\/a>, qui a accus\u00e9 le pr\u00e9sident de la R\u00e9publique de s\u2019aligner sur une \u00aborganisation terroriste islamiste meurtri\u00e8re\u00bb et d\u2019en \u00abrelayer la propagande ignoble\u00bb.<\/p>\n<p class=\"fig-body-link\">\n            \u00c0 lire aussi<br \/>\n        <a class=\"fig-body-link__link fig-premium-mark\" href=\"http:\/\/www.lefigaro.fr\/vox\/monde\/samy-cohen-apres-le-7-octobre-il-n-y-a-plus-grand-monde-en-israel-qui-croit-en-la-paix-avec-les-palestiniens-20250515\" data-fig-type=\"Article\" data-gtm-custom-categorie=\"navigation\" data-gtm-custom-action=\"crossclick\" data-gtm-custom-label=\"Contextuel\" data-gtm-event=\"customEventSPE\" data-fig-domain=\"LEFIGARO\" target=\"_blank\" rel=\"noopener\">Samy Cohen\u00a0: \u00abApr\u00e8s le 7 Octobre, il n\u2019y a plus grand monde en Isra\u00ebl qui croit en la paix avec les Palestiniens\u00bb<br \/>\n    <\/a>\n<\/p>\n<p class=\"fig-paragraph\">Une condamnation sans \u00e9quivoque que partage Marine Le Pen. \u00abCette d\u00e9claration (d\u2019Emmanuel Macron, NDLR) est indigne mais elle ne m\u2019\u00e9tonne pas\u00a0: il ne cesse de multiplier les critiques \u00e0 l\u2019\u00e9gard d\u2019Isra\u00ebl parce qu\u2019en r\u00e9alit\u00e9 il est incapable d\u2019apporter une solution pour lutter contre le fondamentalisme islamiste\u00bb, a grinc\u00e9 l\u2019\u00e9lue du Pas-de-Calais, soulignant que le chef de l\u2019\u00c9tat \u00abfait le grand \u00e9cart\u00bb \u00e0 cet \u00e9gard. \u00abIl dit qu\u2019il lutte contre le fondamentalisme islamiste mais il re\u00e7oit (\u00e0 l\u2019\u00c9lys\u00e9e) avec tous les honneurs Ahmed al-Charaa (le nouveau pr\u00e9sident syrien, NDLR)\u00bb, a-t-elle ironis\u00e9 une semaine apr\u00e8s la visite tr\u00e8s d\u00e9cri\u00e9e de l\u2019ancien djihadiste au palais pr\u00e9sidentiel.<\/p>\n<p class=\"fig-paragraph\">\u00c0 mille lieues de la position du chef de l\u2019\u00c9tat qu\u2019elle d\u00e9crit comme une \u00abcatastrophe diplomatique\u00bb, Marine Le Pen pense qu\u2019il devrait plut\u00f4t apporter \u00e0 Isra\u00ebl \u00abune aide, des solutions dans cette guerre qui nous concerne tous car nous avons le m\u00eame ennemi\u00bb. Trois jours apr\u00e8s qu\u2019Edan Alexander, ex-otage isra\u00e9lo-am\u00e9ricain \u00e0 Gaza, a recouvr\u00e9 la libert\u00e9, la double finaliste de la pr\u00e9sidentielle a surtout exhort\u00e9 le Hamas \u00e0 rel\u00e2cher tous les captifs. \u00abSi les otages sont lib\u00e9r\u00e9s, la guerre cesse. C\u2019est ce que personne ne veut dire et admettre. On ne peut pas se plaindre des cons\u00e9quences et en m\u00eame temps refuser de rappeler en permanence la cause\u00bb, a-t-elle fustig\u00e9.<\/p>\n<p>Une \u00ablucidit\u00e9\u00bb sur le Hamas<\/p>\n<p class=\"fig-paragraph\">Malgr\u00e9 les vives critiques adress\u00e9es \u00e0 Isra\u00ebl, accus\u00e9 d\u2019entraver l\u2019acheminement de l\u2019aide humanitaire vers la bande de Gaza, ce qui accentue, selon plusieurs organisations internationales, le spectre d\u2019une famine dans le territoire palestinien, Marine Le Pen reste inflexible\u00a0: \u00abQu\u2019il y ait des difficult\u00e9s humanitaires dans une guerre, \u00e7a n\u2019\u00e9tonne personne.\u00bb \u00abIsra\u00ebl ne refuse pas de livrer de l\u2019alimentation et des biens de premi\u00e8re n\u00e9cessit\u00e9 \u00e0 Gaza, il ne veut pas que ce soit le Hamas qui les distribue, que le Hamas mette la main dessus et s\u2019en serve en r\u00e9alit\u00e9 comme moyen de pression \u00e0 l\u2019\u00e9gard de la population civile\u00bb, a-t-elle insist\u00e9.<\/p>\n<p class=\"fig-paragraph\">Si une partie de la gauche &#8211; et en premier lieu La France Insoumise &#8211; continue d\u2019entretenir une forme d\u2019ambigu\u00eft\u00e9 vis-\u00e0-vis du Hamas, Marine Le Pen d\u00e9plore le manque de \u00ablucidit\u00e9\u00bb des \u00abdirigeants fran\u00e7ais\u00bb \u00e0 l\u2019\u00e9gard de cette organisation islamiste. \u00abC\u2019est un mouvement terroriste, qui se planque au milieu des civils, qui se cache dans les h\u00f4pitaux, dans les \u00e9coles, qui se sert de la population civile comme bouclier humain, et qui, lorsqu\u2019il est confront\u00e9 \u00e0 une manifestation d\u2019opposants \u00e0 sa politique les massacre joyeusement\u00bb, a expliqu\u00e9 la figure nationale, faisant savoir qu\u2019elle se rendra en Isra\u00ebl d\u00e8s que le gouvernement Netanyahou l\u2019invitera officiellement.<\/p>\n","protected":false},"excerpt":{"rendered":"Invit\u00e9e jeudi de la cha\u00eene I24NEWS, la chef des d\u00e9put\u00e9s RN dit \u00abpartager l\u2019objectif\u00bb de l\u2019\u00c9tat h\u00e9breu \u00abd\u2019\u00e9radiquer&hellip;\n","protected":false},"author":2,"featured_media":103428,"comment_status":"","ping_status":"","sticky":false,"template":"","format":"standard","meta":{"footnotes":""},"categories":[4],"tags":[1111,47,11,952,1109,1112,118,1108,107,1106,1107,1011,27,1110,1114,14,664,430,12,1113,316,25],"class_list":{"0":"post-103427","1":"post","2":"type-post","3":"status-publish","4":"format-standard","5":"has-post-thumbnail","7":"category-france","8":"tag-actu","9":"tag-actualite","10":"tag-actualites","11":"tag-benyamin-netanyahou","12":"tag-breves","13":"tag-depeches","14":"tag-faits-divers","15":"tag-fil","16":"tag-fil-info","17":"tag-flash","18":"tag-flash-actu","19":"tag-fr","20":"tag-france","21":"tag-informations","22":"tag-infos","23":"tag-international","24":"tag-israel","25":"tag-marine-le-pen","26":"tag-news","27":"tag-nouvelles","28":"tag-politique","29":"tag-republique-francaise"},"share_on_mastodon":{"url":"https:\/\/pubeurope.com\/@fr\/114515289398982733","error":""},"_links":{"self":[{"href":"https:\/\/www.europesays.com\/fr\/wp-json\/wp\/v2\/posts\/103427","targetHints":{"allow":["GET"]}}],"collection":[{"href":"https:\/\/www.europesays.com\/fr\/wp-json\/wp\/v2\/posts"}],"about":[{"href":"https:\/\/www.europesays.com\/fr\/wp-json\/wp\/v2\/types\/post"}],"author":[{"embeddable":true,"href":"https:\/\/www.europesays.com\/fr\/wp-json\/wp\/v2\/users\/2"}],"replies":[{"embeddable":true,"href":"https:\/\/www.europesays.com\/fr\/wp-json\/wp\/v2\/comments?post=103427"}],"version-history":[{"count":0,"href":"https:\/\/www.europesays.com\/fr\/wp-json\/wp\/v2\/posts\/103427\/revisions"}],"wp:featuredmedia":[{"embeddable":true,"href":"https:\/\/www.europesays.com\/fr\/wp-json\/wp\/v2\/media\/103428"}],"wp:attachment":[{"href":"https:\/\/www.europesays.com\/fr\/wp-json\/wp\/v2\/media?parent=103427"}],"wp:term":[{"taxonomy":"category","embeddable":true,"href":"https:\/\/www.europesays.com\/fr\/wp-json\/wp\/v2\/categories?post=103427"},{"taxonomy":"post_tag","embeddable":true,"href":"https:\/\/www.europesays.com\/fr\/wp-json\/wp\/v2\/tags?post=103427"}],"curies":[{"name":"wp","href":"https:\/\/api.w.org\/{rel}","templated":true}]}}