{"id":10343,"date":"2025-04-08T13:50:09","date_gmt":"2025-04-08T13:50:09","guid":{"rendered":"https:\/\/www.europesays.com\/fr\/10343\/"},"modified":"2025-04-08T13:50:09","modified_gmt":"2025-04-08T13:50:09","slug":"jusquou-peut-encore-baisser-le-cac-40","status":"publish","type":"post","link":"https:\/\/www.europesays.com\/fr\/10343\/","title":{"rendered":"jusqu\u2019o\u00f9 peut encore baisser le CAC 40?"},"content":{"rendered":"<p><strong>[Article publi\u00e9 le lundi 7 avril 2025 \u00e0 11h11, mis \u00e0 jour \u00e0 16h58]<\/strong>\u00a0Le CAC 40 a donn\u00e9 des sueurs froides aux investisseurs.\u00a0Apr\u00e8s avoir ouvert en chute libre de 6 % bien en dessous du seuil psychologique des 7 000 points, l&rsquo;indice parisien a bri\u00e8vement remont\u00e9 pour s&rsquo;afficher \u00e0 -4,06 % \u00e0 17 h, \u00e0 6 979 points.<\/p>\n<p>Un sc\u00e9nario qui n&rsquo;a pourtant rien de certain pour le moment et qui pourrait tr\u00e8s vite s&rsquo;effacer si le pr\u00e9sident am\u00e9ricain annonce des n\u00e9gociations ces prochaines semaines. Mais ce dernier se montre pour le moment inflexible. \u00ab La seule mani\u00e8re de r\u00e9gler ce probl\u00e8me [de d\u00e9ficits commerciaux] , ce sont les droits de douane, qui vont rapporter des dizaines de milliards de dollars aux \u00c9tats-Unis \u00bb,a-t-il \u00e9crit dimanche soir sur son r\u00e9seau Truth Social, ajoutant que les Europ\u00e9ens \u00ab veulent discuter mais il n&rsquo;y aura pas de discussion tant qu&rsquo;ils ne nous donneront pas beaucoup d&rsquo;argent sur une base annuelle \u00bb.\u00a0Une d\u00e9claration qui a pr\u00e9cipit\u00e9 la chute des valeurs\u00a0fran\u00e7aises\u00a0ce lundi avec des pertes de plus de 6\u202f% pour Dassault Syst\u00e8mes, Safran, Airbus, Capgemini ou encore Herm\u00e8s et Kering, fortement exportatrices aux \u00c9tats-Unis.<\/p>\n","protected":false},"excerpt":{"rendered":"[Article publi\u00e9 le lundi 7 avril 2025 \u00e0 11h11, mis \u00e0 jour \u00e0 16h58]\u00a0Le CAC 40 a donn\u00e9&hellip;\n","protected":false},"author":2,"featured_media":10344,"comment_status":"","ping_status":"","sticky":false,"template":"","format":"standard","meta":{"footnotes":""},"categories":[6],"tags":[17,5058,5056,340,35,5057,33,34,1440,645,1011,27,5054,5055],"class_list":{"0":"post-10343","1":"post","2":"type-post","3":"status-publish","4":"format-standard","5":"has-post-thumbnail","7":"category-economie","8":"tag-17","9":"tag-5058","10":"tag-baisser","11":"tag-bourse","12":"tag-business","13":"tag-cac","14":"tag-economie","15":"tag-economy","16":"tag-encore","17":"tag-entreprises-finance","18":"tag-fr","19":"tag-france","20":"tag-jusquou","21":"tag-peut"},"share_on_mastodon":{"url":"https:\/\/pubeurope.com\/@fr\/114302669528900813","error":""},"_links":{"self":[{"href":"https:\/\/www.europesays.com\/fr\/wp-json\/wp\/v2\/posts\/10343","targetHints":{"allow":["GET"]}}],"collection":[{"href":"https:\/\/www.europesays.com\/fr\/wp-json\/wp\/v2\/posts"}],"about":[{"href":"https:\/\/www.europesays.com\/fr\/wp-json\/wp\/v2\/types\/post"}],"author":[{"embeddable":true,"href":"https:\/\/www.europesays.com\/fr\/wp-json\/wp\/v2\/users\/2"}],"replies":[{"embeddable":true,"href":"https:\/\/www.europesays.com\/fr\/wp-json\/wp\/v2\/comments?post=10343"}],"version-history":[{"count":0,"href":"https:\/\/www.europesays.com\/fr\/wp-json\/wp\/v2\/posts\/10343\/revisions"}],"wp:featuredmedia":[{"embeddable":true,"href":"https:\/\/www.europesays.com\/fr\/wp-json\/wp\/v2\/media\/10344"}],"wp:attachment":[{"href":"https:\/\/www.europesays.com\/fr\/wp-json\/wp\/v2\/media?parent=10343"}],"wp:term":[{"taxonomy":"category","embeddable":true,"href":"https:\/\/www.europesays.com\/fr\/wp-json\/wp\/v2\/categories?post=10343"},{"taxonomy":"post_tag","embeddable":true,"href":"https:\/\/www.europesays.com\/fr\/wp-json\/wp\/v2\/tags?post=10343"}],"curies":[{"name":"wp","href":"https:\/\/api.w.org\/{rel}","templated":true}]}}