{"id":103435,"date":"2025-05-16T03:06:15","date_gmt":"2025-05-16T03:06:15","guid":{"rendered":"https:\/\/www.europesays.com\/fr\/103435\/"},"modified":"2025-05-16T03:06:15","modified_gmt":"2025-05-16T03:06:15","slug":"a-nancy-le-cours-leopold-va-etre-completement-transforme-dans-les-annees-a-venir-voici-le-projet","status":"publish","type":"post","link":"https:\/\/www.europesays.com\/fr\/103435\/","title":{"rendered":"\u00c0 Nancy, le cours L\u00e9opold va \u00eatre compl\u00e8tement transform\u00e9 dans les ann\u00e9es \u00e0 venir : voici le projet"},"content":{"rendered":"<p>            Par<br \/>\n        <strong><br \/>\n            <a href=\"https:\/\/actu.fr\/auteur\/amandine-mehl\" title=\"Consulter tous les articles de Amandine Mehl\" target=\"_blank\" rel=\"noopener\">Amandine Mehl<\/a><br \/>\n        <\/strong><\/p>\n<p>        Publi\u00e9 le<\/p>\n<p>            15 mai 2025 \u00e0 16h40        <\/p>\n<p>La <a href=\"https:\/\/actu.fr\/grand-est\/nancy_54395\/transformation-de-l-ensemble-carnot-leopold-a-nancy-des-terrains-de-sport-attendus-des-cet-ete-2025_62630360.html\" target=\"_blank\" rel=\"noopener\">transformation de l\u2019ensemble Carnot-L\u00e9opold<\/a> \u00e0 <strong>Nancy<\/strong> est un dossier de longue date particuli\u00e8rement suivi par les habitants.<\/p>\n<p class=\" wall-content\">Apr\u00e8s les propositions du comit\u00e9 citoyen et les travaux men\u00e9s par l\u2019agence Leclercq Associ\u00e9s, qui s\u2019est \u00e9galement pench\u00e9e sur le quartier <a href=\"https:\/\/actu.fr\/grand-est\/nancy_54395\/nancy-centre-gare-voici-a-quoi-va-ressembler-ce-tout-nouveau-quartier_60484416.html\" target=\"_blank\" rel=\"noopener\">Nancy Centre Gare<\/a>, le projet retenu a \u00e9t\u00e9 <strong>d\u00e9voil\u00e9<\/strong> par la Ville mardi 13 mai 2025.<\/p>\n<p class=\" wall-content\">Lorraine Actu vous propose de faire le point sur le devenir du <strong>cours L\u00e9opold<\/strong>.<\/p>\n<p>Le parking cours L\u00e9opold n\u2019existera plus<\/p>\n<p class=\" wall-content\">Actuellement, le cours L\u00e9opold abrite un <strong>parking de 339 places<\/strong>. D\u2019ici \u00e0 2032, ann\u00e9e o\u00f9 les travaux seront achev\u00e9s, les voitures auront disparu. Comme l\u2019a indiqu\u00e9 le maire de la cit\u00e9 ducale, <strong>Mathieu Klein<\/strong>, la Ville \u00ab\u00a0<strong>va mettre fin<\/strong> au <a href=\"https:\/\/actu.fr\/tag\/stationnement\" target=\"_blank\" rel=\"noopener\">stationnement<\/a> de surface\u00a0\u00bb sur cet espace.\u00a0<\/p>\n<p class=\" wall-content\">Ces places ne seront toutefois <strong>pas supprim\u00e9es<\/strong>, mais <strong>report\u00e9es<\/strong> au sein du parking Ville Vieille Carnot qui sera agrandi et doublera ainsi sa capacit\u00e9 de stationnement.<\/p>\n<p>Vid\u00e9os : en ce moment sur ActuV\u00e9g\u00e9talisation massive du cours L\u00e9opold \u00e0 Nancy<\/p>\n<p class=\" wall-content\">Le d\u00e9part des voitures sur le cours L\u00e9opold va permettre d\u2019<strong>inverser la tendance en mati\u00e8re de v\u00e9g\u00e9talisation<\/strong>. Il y aura notamment de la <strong>pelouse en partie centrale<\/strong> ainsi que des <strong>plantations compl\u00e9mentaires<\/strong>. L\u2019objectif \u00e9tant de \u00ab\u00a0pr\u00e9server au maximum les arbres pr\u00e9sents\u00a0\u00bb, assure <strong>Thomas Souverain<\/strong>, adjoint d\u00e9l\u00e9gu\u00e9 au territoire centre, aux mobilit\u00e9s et au stationnement, au domaine public, \u00e0 la foire attractive et aux grandes manifestations.<\/p>\n<p>      <img   decoding=\"async\" loading=\"lazy\" src=\"https:\/\/www.europesays.com\/fr\/wp-content\/uploads\/2025\/05\/cours-leopold-projection-nancy-960x640.jpg\" alt=\"Voici une projection du futur cours L\u00e9opold \u00e0 Nancy.\" width=\"960\" height=\"640\"\/><br \/>\n    Voici une projection du futur cours L\u00e9opold \u00e0 Nancy. (\u00a9Ville de Nancy)<\/p>\n<p class=\" wall-content\">Un lieu qui deviendra ainsi propice \u00e0 la <strong>d\u00e9tente<\/strong> et dont l\u2019usage sera autant familial que r\u00e9cr\u00e9atif, termine l\u2019\u00e9lu.<\/p>\n<p class=\" wall-content\">Suivez toute l\u2019actualit\u00e9 de vos villes et m\u00e9dias favoris en vous inscrivant \u00e0 <a href=\"https:\/\/moncompte.actu.fr\" title=\"D\u00e9couvez Mon Actu\" rel=\"nofollow noopener\" data-trk=\"{&quot;cta&quot;:{&quot;action&quot;:&quot;https:\\\/\\\/moncompte.actu.fr&quot;,&quot;category&quot;:&quot;mon compte&quot;,&quot;from&quot;:&quot;article footer&quot;,&quot;name&quot;:&quot;Mon actu&quot;,&quot;type&quot;:&quot;cta&quot;}}\" target=\"_blank\">Mon Actu<\/a>.<\/p>\n","protected":false},"excerpt":{"rendered":"Par Amandine Mehl Publi\u00e9 le 15 mai 2025 \u00e0 16h40 La transformation de l\u2019ensemble Carnot-L\u00e9opold \u00e0 Nancy est&hellip;\n","protected":false},"author":2,"featured_media":103436,"comment_status":"","ping_status":"","sticky":false,"template":"","format":"standard","meta":{"footnotes":""},"categories":[9635],"tags":[1111,11,1777,674,1011,27,775,1702,12,25,104,6173,1352],"class_list":{"0":"post-103435","1":"post","2":"type-post","3":"status-publish","4":"format-standard","5":"has-post-thumbnail","7":"category-nancy","8":"tag-actu","9":"tag-actualites","10":"tag-eu","11":"tag-europe","12":"tag-fr","13":"tag-france","14":"tag-grand-est","15":"tag-nancy","16":"tag-news","17":"tag-republique-francaise","18":"tag-societe","19":"tag-stationnement","20":"tag-urbanisme"},"share_on_mastodon":{"url":"https:\/\/pubeurope.com\/@fr\/114515305038901398","error":""},"_links":{"self":[{"href":"https:\/\/www.europesays.com\/fr\/wp-json\/wp\/v2\/posts\/103435","targetHints":{"allow":["GET"]}}],"collection":[{"href":"https:\/\/www.europesays.com\/fr\/wp-json\/wp\/v2\/posts"}],"about":[{"href":"https:\/\/www.europesays.com\/fr\/wp-json\/wp\/v2\/types\/post"}],"author":[{"embeddable":true,"href":"https:\/\/www.europesays.com\/fr\/wp-json\/wp\/v2\/users\/2"}],"replies":[{"embeddable":true,"href":"https:\/\/www.europesays.com\/fr\/wp-json\/wp\/v2\/comments?post=103435"}],"version-history":[{"count":0,"href":"https:\/\/www.europesays.com\/fr\/wp-json\/wp\/v2\/posts\/103435\/revisions"}],"wp:featuredmedia":[{"embeddable":true,"href":"https:\/\/www.europesays.com\/fr\/wp-json\/wp\/v2\/media\/103436"}],"wp:attachment":[{"href":"https:\/\/www.europesays.com\/fr\/wp-json\/wp\/v2\/media?parent=103435"}],"wp:term":[{"taxonomy":"category","embeddable":true,"href":"https:\/\/www.europesays.com\/fr\/wp-json\/wp\/v2\/categories?post=103435"},{"taxonomy":"post_tag","embeddable":true,"href":"https:\/\/www.europesays.com\/fr\/wp-json\/wp\/v2\/tags?post=103435"}],"curies":[{"name":"wp","href":"https:\/\/api.w.org\/{rel}","templated":true}]}}