{"id":103453,"date":"2025-05-16T03:18:12","date_gmt":"2025-05-16T03:18:12","guid":{"rendered":"https:\/\/www.europesays.com\/fr\/103453\/"},"modified":"2025-05-16T03:18:12","modified_gmt":"2025-05-16T03:18:12","slug":"pourquoi-la-ville-de-strasbourg-va-racheter-neuf-immeubles-avant-de-les-revendre-immediatement","status":"publish","type":"post","link":"https:\/\/www.europesays.com\/fr\/103453\/","title":{"rendered":"Pourquoi la Ville de Strasbourg va racheter neuf immeubles&#8230; avant de les revendre imm\u00e9diatement"},"content":{"rendered":"<p>            Par<br \/>\n        <strong><br \/>\n            <a href=\"https:\/\/actu.fr\/auteur\/ivan-capecchi\" title=\"Consulter tous les articles de Ivan CAPECCHI\" rel=\"nofollow noopener\" target=\"_blank\">Ivan CAPECCHI<\/a><br \/>\n        <\/strong><\/p>\n<p>        Publi\u00e9 le<\/p>\n<p>            15 mai 2025 \u00e0 16h48        <\/p>\n<p>Lors du prochain conseil municipal du 19 mai 2025, les \u00e9lus strasbourgeois seront invit\u00e9s \u00e0 se prononcer sur le <strong>rachat de 9 immeubles \u00e0 Oph\u00e9a<\/strong>\u2026 immeubles qui seront <strong>revendus dans la foul\u00e9e au bailleur social<\/strong>. On vous explique.<\/p>\n<p>Des immeubles situ\u00e9s dans le centre et dans le quartier de la Krutenau<\/p>\n<p class=\" wall-content\">Ces b\u00e2timents, situ\u00e9s dans le centre et dans le quartier de la <a href=\"https:\/\/actu.fr\/grand-est\/strasbourg_67482\/voici-5-projets-qui-sont-en-train-de-changer-le-visage-de-la-krutenau-a-strasbourg_60690482.html\" rel=\"nofollow noopener\" target=\"_blank\">Krutenau<\/a>, seraient rachet\u00e9s pour <strong>137,16 euros au total<\/strong>, soit 15,24 euros par immeuble. Un montant <strong>symbolique<\/strong>, fix\u00e9 par des contrats sign\u00e9s entre 1980 et 1991.<\/p>\n<p class=\" wall-content\">\u00c0 l\u2019\u00e9poque, la Ville avait vendu ces immeubles \u00e0 Oph\u00e9a (anciennement CUS Habitat) avec une clause : elle pouvait les reprendre gratuitement une fois les <a href=\"https:\/\/actu.fr\/tag\/travaux\" rel=\"nofollow noopener\" target=\"_blank\">travaux<\/a> rembours\u00e9s et les d\u00e9lais expir\u00e9s. Ces conditions \u00e9tant aujourd\u2019hui remplies, <strong>la Ville exerce ce droit pour ensuite revendre aussit\u00f4t les immeubles \u00e0 Oph\u00e9a<\/strong>.<\/p>\n<p class=\" wall-content\">La Ville de Strasbourg va revendre les 9 immeubles \u00e0 Oph\u00e9a pour un montant total de <strong>2 385 000 euros<\/strong>, selon l\u2019estimation r\u00e9alis\u00e9e par la division du Domaine*.<\/p>\n<p>Vid\u00e9os : en ce moment sur ActuLancer une nouvelle phase de r\u00e9habilitation<\/p>\n<p class=\" wall-content\">Pourquoi cette op\u00e9ration ? Parce qu\u2019elle permet de <strong>remettre \u00e0 jour les contrats et lancer une nouvelle phase de r\u00e9habilitation<\/strong>.<\/p>\n<p class=\" wall-content\">Les immeubles ont vieilli, certains contiennent de l\u2019amiante et <strong>doivent \u00eatre r\u00e9nov\u00e9s pour r\u00e9pondre aux normes actuelles<\/strong>, notamment en mati\u00e8re d\u2019\u00e9nergie.<\/p>\n<p>69 logements, 21 parkings et 7 locaux commerciaux<\/p>\n<p class=\" wall-content\">Au total, les b\u00e2timents concernent 69 <a href=\"https:\/\/actu.fr\/tag\/logement\" rel=\"nofollow noopener\" target=\"_blank\">logements<\/a>, 21 parkings et 7 locaux commerciaux. Oph\u00e9a continuera de les g\u00e9rer, sans interruption.<\/p>\n<p class=\" wall-content\">La cession se fera en l\u2019\u00e9tat, sans r\u00e9gularisation de loyer ou de charges entre la Ville et l\u2019office. Les <strong>frais de notaire<\/strong> seront \u00e0 la charge de la Ville.<\/p>\n<p class=\" wall-content\">Cette man\u0153uvre juridique permet \u00e0 la collectivit\u00e9 de <strong>rester dans les clous l\u00e9galement<\/strong> tout en <strong>facilitant l\u2019entretien du parc de logements sociaux<\/strong>.<\/p>\n<p class=\" wall-content\">*Service de l\u2019\u00c9tat charg\u00e9 de l\u2019estimation des biens immobiliers appartenant aux collectivit\u00e9s publiques, comme les communes, d\u00e9partements ou r\u00e9gions.<\/p>\n<p class=\" wall-content\">Suivez toute l\u2019actualit\u00e9 de vos villes et m\u00e9dias favoris en vous inscrivant \u00e0 <a href=\"https:\/\/moncompte.actu.fr\" title=\"D\u00e9couvez Mon Actu\" rel=\"nofollow noopener\" data-trk=\"{&quot;cta&quot;:{&quot;action&quot;:&quot;https:\\\/\\\/moncompte.actu.fr&quot;,&quot;category&quot;:&quot;mon compte&quot;,&quot;from&quot;:&quot;article footer&quot;,&quot;name&quot;:&quot;Mon actu&quot;,&quot;type&quot;:&quot;cta&quot;}}\" target=\"_blank\">Mon Actu<\/a>.<\/p>\n","protected":false},"excerpt":{"rendered":"Par Ivan CAPECCHI Publi\u00e9 le 15 mai 2025 \u00e0 16h48 Lors du prochain conseil municipal du 19 mai&hellip;\n","protected":false},"author":2,"featured_media":103454,"comment_status":"","ping_status":"","sticky":false,"template":"","format":"standard","meta":{"footnotes":""},"categories":[2820],"tags":[1111,11,1777,674,1011,27,775,1116,1757,12,25,104,640],"class_list":{"0":"post-103453","1":"post","2":"type-post","3":"status-publish","4":"format-standard","5":"has-post-thumbnail","7":"category-strasbourg","8":"tag-actu","9":"tag-actualites","10":"tag-eu","11":"tag-europe","12":"tag-fr","13":"tag-france","14":"tag-grand-est","15":"tag-immobilier","16":"tag-insolite","17":"tag-news","18":"tag-republique-francaise","19":"tag-societe","20":"tag-strasbourg"},"share_on_mastodon":{"url":"https:\/\/pubeurope.com\/@fr\/114515352212849840","error":""},"_links":{"self":[{"href":"https:\/\/www.europesays.com\/fr\/wp-json\/wp\/v2\/posts\/103453","targetHints":{"allow":["GET"]}}],"collection":[{"href":"https:\/\/www.europesays.com\/fr\/wp-json\/wp\/v2\/posts"}],"about":[{"href":"https:\/\/www.europesays.com\/fr\/wp-json\/wp\/v2\/types\/post"}],"author":[{"embeddable":true,"href":"https:\/\/www.europesays.com\/fr\/wp-json\/wp\/v2\/users\/2"}],"replies":[{"embeddable":true,"href":"https:\/\/www.europesays.com\/fr\/wp-json\/wp\/v2\/comments?post=103453"}],"version-history":[{"count":0,"href":"https:\/\/www.europesays.com\/fr\/wp-json\/wp\/v2\/posts\/103453\/revisions"}],"wp:featuredmedia":[{"embeddable":true,"href":"https:\/\/www.europesays.com\/fr\/wp-json\/wp\/v2\/media\/103454"}],"wp:attachment":[{"href":"https:\/\/www.europesays.com\/fr\/wp-json\/wp\/v2\/media?parent=103453"}],"wp:term":[{"taxonomy":"category","embeddable":true,"href":"https:\/\/www.europesays.com\/fr\/wp-json\/wp\/v2\/categories?post=103453"},{"taxonomy":"post_tag","embeddable":true,"href":"https:\/\/www.europesays.com\/fr\/wp-json\/wp\/v2\/tags?post=103453"}],"curies":[{"name":"wp","href":"https:\/\/api.w.org\/{rel}","templated":true}]}}