{"id":103457,"date":"2025-05-16T03:20:18","date_gmt":"2025-05-16T03:20:18","guid":{"rendered":"https:\/\/www.europesays.com\/fr\/103457\/"},"modified":"2025-05-16T03:20:18","modified_gmt":"2025-05-16T03:20:18","slug":"nice-memoire-retrouvee-paris-cote-dazur","status":"publish","type":"post","link":"https:\/\/www.europesays.com\/fr\/103457\/","title":{"rendered":"Nice. M\u00e9moire retrouv\u00e9e&#8230; &#8211; Paris C\u00f4te d&rsquo;Azur"},"content":{"rendered":"<p><img decoding=\"async\" src=\"https:\/\/www.europesays.com\/fr\/wp-content\/uploads\/2025\/05\/FESTIVAL-DU-LIVRE-nice.jpg\" title=\"\" alt=\"\"\/><\/p>\n<p>Ce grand roman-destin retrace un demi-si\u00e8cle d\u2019histoire de l\u2019Union sovi\u00e9tique et de la France \u00e0 travers l\u2019intense aventure humaine de Lucien Baert, jeune communiste fran\u00e7ais \u00ab\u00a0prisonnier du r\u00eave \u00e9carlate\u00a0\u00bb. Arriv\u00e9 \u00e0 Moscou en 1939 pour d\u00e9couvrir la promesse d\u2019un paradis sur terre, il conna\u00eetra l\u2019envers du d\u00e9cor\u00a0: l\u2019extr\u00eame cruaut\u00e9 du r\u00e9gime, les tortures dans les camps du Goulag, la sauvagerie de la guerre. Mais aussi la communion des \u00e2mes meurtries et l\u2019amour d\u2019une femme, Daria, avec qui il saura reconstruire leurs vies bris\u00e9es.Pr\u00e8s de trois d\u00e9cennies plus tard, Lucien parvient \u00e0 traverser le rideau de fer pour tenter de retrouver les siens. Mais ce revenant du grand Nord ne reconna\u00eet plus sa patrie. Comment pourrait-t-il se fondre dans le confort d\u2019une \u00ab\u00a0soci\u00e9t\u00e9 d\u2019estomacs heureux\u00a0\u00bb et prendre au s\u00e9rieux la r\u00e9volution d\u2019op\u00e9rette de 1968\u00a0? Lui faudra-t-il se renier, en effa\u00e7ant son pass\u00e9\u00a0? Ou bien tenter l\u2019impensable retour \u00e0 Tourok pour reconqu\u00e9rir son r\u00eave de fraternit\u00e9 et son amour perdu\u00a0?<\/p>\n<p>Un puissant roman sur la barbarie stalinienne et le rejet de l\u2019hypocrisie occidentale, o\u00f9 s\u2019exprime la foi dans une humanit\u00e9 digne de ce nom.<\/p>\n<p><img decoding=\"async\" src=\"https:\/\/www.europesays.com\/fr\/wp-content\/uploads\/2025\/05\/makine.png\" title=\"\" alt=\"\"\/><br \/>&#8211; Andre\u00ef Makine \u00a9 JFPAGA &#8211;<\/p>\n<ul>\n<li>N\u00e9 en 1957 \u00e0 Krasno\u00efarsk, Andre\u00ef Makine est l\u2019auteur d\u2019une \u0153uvre majeure traduite dans le monde entier et qui a obtenu plusieurs distinctions litt\u00e9raires\u00a0: le prix Goncourt, le Goncourt des lyc\u00e9ens et le M\u00e9dicis pour Le Testament fran\u00e7ais, le Grand prix RTL-Lire pour La Musique d\u2019une vie, le prix Prince Pierre de Monaco pour l\u2019ensemble de son \u0153uvre, le prix Casanova pour Une femme aim\u00e9e. Ses derniers livres sont publi\u00e9s chez Grasset\u00a0: L\u2019ami arm\u00e9nien, prix des Romanci\u00e8res et L\u2019Ancien calendrier d\u2019un amour.<\/li>\n<\/ul>\n","protected":false},"excerpt":{"rendered":"Ce grand roman-destin retrace un demi-si\u00e8cle d\u2019histoire de l\u2019Union sovi\u00e9tique et de la France \u00e0 travers l\u2019intense aventure&hellip;\n","protected":false},"author":2,"featured_media":103458,"comment_status":"","ping_status":"","sticky":false,"template":"","format":"standard","meta":{"footnotes":""},"categories":[2819],"tags":[1111,47,11,1777,674,1011,27,1110,1031,12,2401,882,25],"class_list":{"0":"post-103457","1":"post","2":"type-post","3":"status-publish","4":"format-standard","5":"has-post-thumbnail","7":"category-nice","8":"tag-actu","9":"tag-actualite","10":"tag-actualites","11":"tag-eu","12":"tag-europe","13":"tag-fr","14":"tag-france","15":"tag-informations","16":"tag-magazine","17":"tag-news","18":"tag-nice","19":"tag-provence-alpes-cote-dazur","20":"tag-republique-francaise"},"share_on_mastodon":{"url":"https:\/\/pubeurope.com\/@fr\/114515360112405206","error":""},"_links":{"self":[{"href":"https:\/\/www.europesays.com\/fr\/wp-json\/wp\/v2\/posts\/103457","targetHints":{"allow":["GET"]}}],"collection":[{"href":"https:\/\/www.europesays.com\/fr\/wp-json\/wp\/v2\/posts"}],"about":[{"href":"https:\/\/www.europesays.com\/fr\/wp-json\/wp\/v2\/types\/post"}],"author":[{"embeddable":true,"href":"https:\/\/www.europesays.com\/fr\/wp-json\/wp\/v2\/users\/2"}],"replies":[{"embeddable":true,"href":"https:\/\/www.europesays.com\/fr\/wp-json\/wp\/v2\/comments?post=103457"}],"version-history":[{"count":0,"href":"https:\/\/www.europesays.com\/fr\/wp-json\/wp\/v2\/posts\/103457\/revisions"}],"wp:featuredmedia":[{"embeddable":true,"href":"https:\/\/www.europesays.com\/fr\/wp-json\/wp\/v2\/media\/103458"}],"wp:attachment":[{"href":"https:\/\/www.europesays.com\/fr\/wp-json\/wp\/v2\/media?parent=103457"}],"wp:term":[{"taxonomy":"category","embeddable":true,"href":"https:\/\/www.europesays.com\/fr\/wp-json\/wp\/v2\/categories?post=103457"},{"taxonomy":"post_tag","embeddable":true,"href":"https:\/\/www.europesays.com\/fr\/wp-json\/wp\/v2\/tags?post=103457"}],"curies":[{"name":"wp","href":"https:\/\/api.w.org\/{rel}","templated":true}]}}