{"id":103464,"date":"2025-05-16T03:25:18","date_gmt":"2025-05-16T03:25:18","guid":{"rendered":"https:\/\/www.europesays.com\/fr\/103464\/"},"modified":"2025-05-16T03:25:18","modified_gmt":"2025-05-16T03:25:18","slug":"dette-girondins-bordeaux-metropole-et-la-mairie-de-bordeaux-devraient-refuser-le-plan-de-remboursement-de-leur-creance","status":"publish","type":"post","link":"https:\/\/www.europesays.com\/fr\/103464\/","title":{"rendered":"Dette Girondins : Bordeaux M\u00e9tropole et la mairie de Bordeaux devraient refuser le plan de remboursement de leur cr\u00e9ance"},"content":{"rendered":"<p><img decoding=\"async\" src=\"https:\/\/www.europesays.com\/fr\/wp-content\/uploads\/2025\/04\/671_36cddd68a42428c0419fb2dff7ae22fc.jpg\" alt=\"Dette Girondins : Bordeaux M\u00e9tropole et la mairie de Bordeaux devraient refuser le plan de remboursement de leur cr\u00e9ance\" class=\"img-responsive mt-3\"\/><\/p>\n<p class=\"text-center mb-3\" style=\"font-size: 14px\">\u00a9 Iconsport<\/p>\n<p>      <strong>Vers un refus de la proposition de remboursement du club<\/strong><\/p>\n<p style=\"text-align: justify;\">L\u2019argent public engag\u00e9 est de 20M\u20ac de cr\u00e9ance pour Bordeaux M\u00e9tropole. Cela correspond aux arrangements de paiement pour le loyer du Matmut Atlantique accord\u00e9 aux Girondins de Bordeaux par la collectivit\u00e9. Le montant serait d&rsquo;environ 35 000 euros pour la mairie de Bordeaux.<\/p>\n<p style=\"text-align: justify;\">Selon Sud Ouest, le plan de remboursement de la dette pr\u00e9sent\u00e9 par le club ne pr\u00e9voirait que 10% de remboursement de la cr\u00e9ance de Bordeaux M\u00e9tropole.<\/p>\n<p style=\"text-align: justify;\">Ainsi, selon nos informations, les deux collectivit\u00e9s devraient refuser cette proposition de remboursement.<\/p>\n<blockquote class=\"twitter-tweet\">\n<p dir=\"ltr\" lang=\"fr\">:large_blue_circle:\u26aa\ufe0f La Mairie de Bordeaux et <a href=\"https:\/\/twitter.com\/BxMetro?ref_src=twsrc%5Etfw\" target=\"_blank\" rel=\"noopener\">@BxMetro<\/a> devraient refuser le plan de restructuration de la dette propos\u00e9 par le club bordelais.<br \/>Une prise de parole publique est pr\u00e9vue prochainement afin de pr\u00e9ciser la position des collectivit\u00e9s.<a href=\"https:\/\/twitter.com\/hashtag\/Girondins?src=hash&amp;ref_src=twsrc%5Etfw\" target=\"_blank\" rel=\"noopener\">#Girondins<\/a> <a href=\"https:\/\/twitter.com\/hashtag\/Bordeaux?src=hash&amp;ref_src=twsrc%5Etfw\" target=\"_blank\" rel=\"noopener\">#Bordeaux<\/a><\/p>\n<p>\u2014 WebGirondins (@webgirondins) <a href=\"https:\/\/twitter.com\/webgirondins\/status\/1922934954758967800?ref_src=twsrc%5Etfw\" target=\"_blank\" rel=\"noopener\">May 15, 2025<\/a>\n<\/p><\/blockquote>\n<p>\u00a0<\/p>\n<p><strong>Quelles cons\u00e9quences ?<\/strong><\/p>\n<p style=\"text-align: justify;\">Il faut savoir que les cr\u00e9anciers sont r\u00e9partis par classes (13 au total), et c&rsquo;est le tribunal de commerce de Bordeaux qui d\u00e9tient le dernier mot. Ce dernier peut d\u00e9cider de ne pas tenir compte des avis des cr\u00e9anciers et de leur imposer le plan de continuation du club et de la restructuration de la dette. Les cr\u00e9anciers ont jusqu&rsquo;au 28 mai pour donner leur avis.<\/p>\n<p style=\"text-align: justify;\">\u00c0 Bordeaux, le Stade Atlantique est au c\u0153ur de la pr\u00e9occupation de Bordeaux M\u00e9tropole car l&rsquo;instance publique s&rsquo;appr\u00eate \u00e0 reprendre en gestion l&rsquo;exploitation de l&rsquo;enceinte dans les prochaines semaines. En outre, dans un contexte \u00e9conomique tendu pour les finances de la collectivit\u00e9, la M\u00e9tropole dispose d&rsquo;un document qui pourrait lui permettre de recouvrer ses 20M\u20ac.<\/p>\n<p style=\"text-align: justify;\">Ainsi, lors de l&rsquo;acquisition du FCGB, l&rsquo;homme d&rsquo;affaires G\u00e9rard Lopez a fourni une lettre de garantie des loyers du Matmut Atlantique par sa soci\u00e9t\u00e9 Jogo Bonito. Ce m\u00eame document avait \u00e9t\u00e9 fourni par M6 et King Street les anciens propri\u00e9taires des Girondins de Bordeaux.<\/p>\n<p style=\"text-align: justify;\">Il reste \u00e0 connaitre maintenant la position de la M\u00e9tropole sur ce sujet. Va t-elle faire valoir la lettre de garantie afin d&rsquo;obtenir le remboursement de sa cr\u00e9ance de 20M\u20ac ?\u00a0<\/p>\n<p style=\"text-align: justify;\">Une conf\u00e9rence de presse se tient ce vendredi 16 mai \u00e0 11h en pr\u00e9sence de la pr\u00e9sidente de Bordeaux M\u00e9tropole, Christine Bost. Le sujet est l&rsquo;avenir du Matmut Atlantique. La question de la dette des Girondins de Bordeaux devrait \u00eatre abord\u00e9e.<\/p>\n<p style=\"text-align: justify;\">Nous avons \u00e9voqu\u00e9 cette question <strong>dans le Midi Dix ce jeudi sur la <a href=\"https:\/\/www.youtube.com\/watch?v=UUN0aoStWtk&amp;t=200s\" target=\"_blank\" rel=\"noopener\">cha\u00eene YouTube de WebGirondins<\/a><\/strong>.<\/p>\n<p style=\"text-align: justify;\">N.P<\/p>\n<p style=\"text-align: justify;\">\u00c0 lire aussi &gt;&gt;\u00a0 <strong><a href=\"https:\/\/www.webgirondins.com\/actualite-girondins-girondins-de-bordeaux-l-ancien-salarie-julien-mondon-repond-cash-a-arnaud-de-carli-on-n-oubliera-jamais-129080\" target=\"_blank\" rel=\"noopener\">L&rsquo;ancien salari\u00e9 Julien Mondon r\u00e9pond cash \u00e0 Arnaud De Carli &#8211; \u00ab\u00a0On n&rsquo;oubliera jamais\u00a0\u00bb<\/a><\/strong><\/p>\n<p style=\"text-align: justify;\">Notre podcast court \u00e0 \u00e9couter :<\/p>\n<p style=\"text-align: justify;\">\u00a0<\/p>\n<p>\u00a0<\/p>\n<p>    <script async src=\"https:\/\/platform.twitter.com\/widgets.js\" charset=\"utf-8\"><\/script><\/p>\n","protected":false},"excerpt":{"rendered":"\u00a9 Iconsport Vers un refus de la proposition de remboursement du club L\u2019argent public engag\u00e9 est de 20M\u20ac&hellip;\n","protected":false},"author":2,"featured_media":4371,"comment_status":"","ping_status":"","sticky":false,"template":"","format":"standard","meta":{"footnotes":""},"categories":[2817],"tags":[1111,11,1997,22002,19098,6327,22000,1777,674,1011,27,1987,3289,5415,2800,12,2219,5355,8297,22001,138,25,22003,3333,4824],"class_list":{"0":"post-103464","1":"post","2":"type-post","3":"status-publish","4":"format-standard","5":"has-post-thumbnail","7":"category-bordeaux","8":"tag-actu","9":"tag-actualites","10":"tag-bordeaux","11":"tag-creance","12":"tag-creanciers","13":"tag-dette","14":"tag-devraient","15":"tag-eu","16":"tag-europe","17":"tag-fr","18":"tag-france","19":"tag-girondins","20":"tag-leur","21":"tag-mairie","22":"tag-metropole","23":"tag-news","24":"tag-nouvelle-aquitaine","25":"tag-plan","26":"tag-proprietaire","27":"tag-refuser","28":"tag-remboursement","29":"tag-republique-francaise","30":"tag-sasp","31":"tag-sont","32":"tag-ville"},"share_on_mastodon":{"url":"https:\/\/pubeurope.com\/@fr\/114515379785339834","error":""},"_links":{"self":[{"href":"https:\/\/www.europesays.com\/fr\/wp-json\/wp\/v2\/posts\/103464","targetHints":{"allow":["GET"]}}],"collection":[{"href":"https:\/\/www.europesays.com\/fr\/wp-json\/wp\/v2\/posts"}],"about":[{"href":"https:\/\/www.europesays.com\/fr\/wp-json\/wp\/v2\/types\/post"}],"author":[{"embeddable":true,"href":"https:\/\/www.europesays.com\/fr\/wp-json\/wp\/v2\/users\/2"}],"replies":[{"embeddable":true,"href":"https:\/\/www.europesays.com\/fr\/wp-json\/wp\/v2\/comments?post=103464"}],"version-history":[{"count":0,"href":"https:\/\/www.europesays.com\/fr\/wp-json\/wp\/v2\/posts\/103464\/revisions"}],"wp:featuredmedia":[{"embeddable":true,"href":"https:\/\/www.europesays.com\/fr\/wp-json\/wp\/v2\/media\/4371"}],"wp:attachment":[{"href":"https:\/\/www.europesays.com\/fr\/wp-json\/wp\/v2\/media?parent=103464"}],"wp:term":[{"taxonomy":"category","embeddable":true,"href":"https:\/\/www.europesays.com\/fr\/wp-json\/wp\/v2\/categories?post=103464"},{"taxonomy":"post_tag","embeddable":true,"href":"https:\/\/www.europesays.com\/fr\/wp-json\/wp\/v2\/tags?post=103464"}],"curies":[{"name":"wp","href":"https:\/\/api.w.org\/{rel}","templated":true}]}}