{"id":1034737,"date":"2026-06-30T17:21:21","date_gmt":"2026-06-30T17:21:21","guid":{"rendered":"https:\/\/www.europesays.com\/fr\/1034737\/"},"modified":"2026-06-30T17:21:21","modified_gmt":"2026-06-30T17:21:21","slug":"un-homme-grievement-blesse-par-arme-blanche-a-marseille","status":"publish","type":"post","link":"https:\/\/www.europesays.com\/fr\/1034737\/","title":{"rendered":"Un homme gri\u00e8vement bless\u00e9 par arme blanche \u00e0 Marseille"},"content":{"rendered":"<p>Un homme a \u00e9t\u00e9 gri\u00e8vement bless\u00e9 \u00e0 l&rsquo;arme blanche dans le 15e arrondissement de <a href=\"https:\/\/www.laprovence.com\/bouches-du-rhone\/marseille-13055\" target=\"_blank\" rel=\"nofollow noopener\">Marseille<\/a> ce mardi apr\u00e8s-midi 30\u00a0juin.<\/p>\n<p>Il a \u00e9t\u00e9 transport\u00e9 \u00e0 l&rsquo;h\u00f4pital <strong>avec un pronostic vital engag\u00e9<\/strong>. Le principal suspect, qui pourrait \u00eatre une connaissance de la victime, avait pris la fuite \u00e0 l&rsquo;arriv\u00e9e des forces de l&rsquo;ordre, mais il est activement recherch\u00e9 par la police.<\/p>\n<p>Secourue par les marins-pompiers qui lui ont prodigu\u00e9 les premiers soins sur place avenue Journet, la victime, un homme de 38 ans, a \u00e9t\u00e9 transport\u00e9e \u00e0 l&rsquo;h\u00f4pital avec un pronostic vital engag\u00e9.<\/p>\n","protected":false},"excerpt":{"rendered":"Un homme a \u00e9t\u00e9 gri\u00e8vement bless\u00e9 \u00e0 l&rsquo;arme blanche dans le 15e arrondissement de Marseille ce mardi apr\u00e8s-midi&hellip;\n","protected":false},"author":2,"featured_media":1034738,"comment_status":"","ping_status":"","sticky":false,"template":"","format":"standard","meta":{"footnotes":"","_share_on_mastodon":"0"},"categories":[2814],"tags":[5734,1111,11,10268,8386,3916,1102,1777,674,274,1011,27,3915,4933,884,12,5912,882,25],"class_list":["post-1034737","post","type-post","status-publish","format-standard","has-post-thumbnail","category-marseille","tag-5734","tag-actu","tag-actualites","tag-arme","tag-blanche","tag-blesse","tag-breakingnews","tag-eu","tag-europe","tag-faits-divers-justice","tag-fr","tag-france","tag-grievement","tag-homme","tag-marseille","tag-news","tag-par","tag-provence-alpes-cote-dazur","tag-republique-francaise"],"share_on_mastodon":{"url":"","error":""},"_links":{"self":[{"href":"https:\/\/www.europesays.com\/fr\/wp-json\/wp\/v2\/posts\/1034737","targetHints":{"allow":["GET"]}}],"collection":[{"href":"https:\/\/www.europesays.com\/fr\/wp-json\/wp\/v2\/posts"}],"about":[{"href":"https:\/\/www.europesays.com\/fr\/wp-json\/wp\/v2\/types\/post"}],"author":[{"embeddable":true,"href":"https:\/\/www.europesays.com\/fr\/wp-json\/wp\/v2\/users\/2"}],"replies":[{"embeddable":true,"href":"https:\/\/www.europesays.com\/fr\/wp-json\/wp\/v2\/comments?post=1034737"}],"version-history":[{"count":0,"href":"https:\/\/www.europesays.com\/fr\/wp-json\/wp\/v2\/posts\/1034737\/revisions"}],"wp:featuredmedia":[{"embeddable":true,"href":"https:\/\/www.europesays.com\/fr\/wp-json\/wp\/v2\/media\/1034738"}],"wp:attachment":[{"href":"https:\/\/www.europesays.com\/fr\/wp-json\/wp\/v2\/media?parent=1034737"}],"wp:term":[{"taxonomy":"category","embeddable":true,"href":"https:\/\/www.europesays.com\/fr\/wp-json\/wp\/v2\/categories?post=1034737"},{"taxonomy":"post_tag","embeddable":true,"href":"https:\/\/www.europesays.com\/fr\/wp-json\/wp\/v2\/tags?post=1034737"}],"curies":[{"name":"wp","href":"https:\/\/api.w.org\/{rel}","templated":true}]}}