{"id":103476,"date":"2025-05-16T03:32:12","date_gmt":"2025-05-16T03:32:12","guid":{"rendered":"https:\/\/www.europesays.com\/fr\/103476\/"},"modified":"2025-05-16T03:32:12","modified_gmt":"2025-05-16T03:32:12","slug":"lyon-il-distribuait-gratuitement-des-cadeaux-totalement-illegaux-sur-les-terrasses","status":"publish","type":"post","link":"https:\/\/www.europesays.com\/fr\/103476\/","title":{"rendered":"Lyon. Il distribuait gratuitement des cadeaux totalement ill\u00e9gaux sur les terrasses"},"content":{"rendered":"<p>            Par<br \/>\n        <strong><br \/>\n            <a href=\"https:\/\/actu.fr\/auteur\/julien-damboise\" title=\"Consulter tous les articles de Julien Damboise\" target=\"_blank\" rel=\"noopener\">Julien Damboise<\/a><br \/>\n        <\/strong><\/p>\n<p>        Publi\u00e9 le<\/p>\n<p>            15 mai 2025 \u00e0 16h30        <\/p>\n<p>Le centre-ville de <a href=\"https:\/\/actu.fr\/auvergne-rhone-alpes\/lyon_69123\" target=\"_blank\" rel=\"noopener\">Lyon<\/a> a \u00e9t\u00e9 le th\u00e9\u00e2tre d\u2019une op\u00e9ration un peu sp\u00e9ciale, ce mardi 13 mai 2025. Un individu a arpent\u00e9 les rues du quartier de <a href=\"https:\/\/actu.fr\/tag\/perrache\" target=\"_blank\" rel=\"noopener\">Perrache<\/a>, dans le 2e arrondissement, afin de <strong>distribuer des \u00e9chantillons de produits ill\u00e9gaux <\/strong>directement \u00e0 des clients install\u00e9s \u00e0 des bars. Il a fini par \u00eatre <strong>stopp\u00e9 net<\/strong> par des <a href=\"https:\/\/actu.fr\/auvergne-rhone-alpes\/lyon_69123\/pres-de-lyon-la-police-fait-une-inquietante-decouverte-dans-un-appartement_62624126.html\" target=\"_blank\" rel=\"noopener\">policiers<\/a> envoy\u00e9s en urgence.\u00a0<\/p>\n<p>Distribution de drogue en Presqu\u2019Ile<\/p>\n<p class=\" wall-content\">Un dealer a arpent\u00e9 les rues du quartier de Perrache, dans le 2e arrondissement, afin de distribuer des \u00e9chantillons de drogue directement \u00e0 des clients install\u00e9s \u00e0 des bars. Il a fini par \u00eatre stopp\u00e9 net par des policiers envoy\u00e9s en urgence.\u00a0<\/p>\n<p class=\" wall-content\">Mardi en fin de journ\u00e9e vers 21 h 30, les clients en terrasse de bars de la place <strong>Carnot<\/strong> ont eu la visite d\u2019un dealeur, ou au moins d\u2019un rabatteur. Un individu seul, qui allait <strong>de table en table<\/strong> pour proposer de l\u2019herbe de cannabis.<\/p>\n<p class=\" wall-content\">Selon nos informations, le mis en cause donnait de petits pochons remplis d\u2019un peu d\u2019herbe \u00e0 ceux qui acceptaient de flasher un <strong>QR code<\/strong> avec les indications pour acheter en plus grande quantit\u00e9 sa drogue.<\/p>\n<p class=\" wall-content\">Une sc\u00e8ne qui s\u2019est d\u00e9roul\u00e9e dans plusieurs \u00e9tablissements, avant que la police ne soit appel\u00e9e par un <strong>g\u00e9rant m\u00e9dus\u00e9<\/strong>.<\/p>\n<p>Intervention en urgence<\/p>\n<p class=\" wall-content\">Alert\u00e9e, la direction interd\u00e9partementale de la police nationale (DIPN) du Rh\u00f4ne a d\u00e9ploy\u00e9 des moyens pour stopper le cheminement du <a href=\"https:\/\/actu.fr\/auvergne-rhone-alpes\/lyon_69123\/lyon-la-police-arrete-un-conducteur-trop-bavard-le-controle-finit-en-decouverte-exceptionnelle_62419201.html\" target=\"_blank\" rel=\"noopener\">dealer<\/a>.<\/p>\n<p class=\" wall-content\">L\u2019\u00e9quipage des forces de l\u2019ordre a rapidement interpell\u00e9 l\u2019individu, toujours en possession de quelques sachets. La quantit\u00e9 saisie reste pour le moment inconnue.<\/p>\n<p class=\" wall-content\">L\u2019auteur, \u00e2g\u00e9 de 20 ans, \u00e9tait d\u00e9j\u00e0 <strong>d\u00e9favorablement connu<\/strong> des services de police, selon une source s\u00e9curitaire. Plac\u00e9 en garde \u00e0 vue, il devait \u00eatre pr\u00e9sent\u00e9 ce jeudi devant le parquet de Lyon en vue d\u2019un jugement en comparution imm\u00e9diate.<\/p>\n<p>Du d\u00e9j\u00e0-vu<\/p>\n<p class=\" wall-content\">La sc\u00e8ne, bien que tr\u00e8s surprenante et montrant que les trafiquants utilisent des techniques commerciales rod\u00e9es, n\u2019est<strong> pas une premi\u00e8re<\/strong> dans la capitale des Gaules.<\/p>\n<p class=\" wall-content\">En 2019, d\u00e9j\u00e0, un couple avait laiss\u00e9 des pochons de cannabis sur les tables de bars de la place <strong>Sathonay<\/strong> dans le 1\u1d49\u02b3 arrondissement. On retrouvait l\u00e0 encore toutes les instructions pour se faire livrer \u00e0 domicile de l\u2019herbe \u00e0 \u00ab\u00a08 euros le gramme\u00a0\u00bb.\u00a0<\/p>\n<p class=\" wall-content\">Suivez toute l\u2019actualit\u00e9 de vos villes et m\u00e9dias favoris en vous inscrivant \u00e0 <a href=\"https:\/\/moncompte.actu.fr\" title=\"D\u00e9couvez Mon Actu\" rel=\"nofollow noopener\" data-trk=\"{&quot;cta&quot;:{&quot;action&quot;:&quot;https:\\\/\\\/moncompte.actu.fr&quot;,&quot;category&quot;:&quot;mon compte&quot;,&quot;from&quot;:&quot;article footer&quot;,&quot;name&quot;:&quot;Mon actu&quot;,&quot;type&quot;:&quot;cta&quot;}}\" target=\"_blank\">Mon Actu<\/a>.<\/p>\n","protected":false},"excerpt":{"rendered":"Par Julien Damboise Publi\u00e9 le 15 mai 2025 \u00e0 16h30 Le centre-ville de Lyon a \u00e9t\u00e9 le th\u00e9\u00e2tre&hellip;\n","protected":false},"author":2,"featured_media":103477,"comment_status":"","ping_status":"","sticky":false,"template":"","format":"standard","meta":{"footnotes":""},"categories":[1889],"tags":[1111,11,2430,3675,1777,674,118,1011,27,1757,2428,12,5274,25],"class_list":{"0":"post-103476","1":"post","2":"type-post","3":"status-publish","4":"format-standard","5":"has-post-thumbnail","7":"category-lyon","8":"tag-actu","9":"tag-actualites","10":"tag-auvergne-rhone-alpes","11":"tag-cannabis","12":"tag-eu","13":"tag-europe","14":"tag-faits-divers","15":"tag-fr","16":"tag-france","17":"tag-insolite","18":"tag-lyon","19":"tag-news","20":"tag-perrache","21":"tag-republique-francaise"},"share_on_mastodon":{"url":"https:\/\/pubeurope.com\/@fr\/114515407246841413","error":""},"_links":{"self":[{"href":"https:\/\/www.europesays.com\/fr\/wp-json\/wp\/v2\/posts\/103476","targetHints":{"allow":["GET"]}}],"collection":[{"href":"https:\/\/www.europesays.com\/fr\/wp-json\/wp\/v2\/posts"}],"about":[{"href":"https:\/\/www.europesays.com\/fr\/wp-json\/wp\/v2\/types\/post"}],"author":[{"embeddable":true,"href":"https:\/\/www.europesays.com\/fr\/wp-json\/wp\/v2\/users\/2"}],"replies":[{"embeddable":true,"href":"https:\/\/www.europesays.com\/fr\/wp-json\/wp\/v2\/comments?post=103476"}],"version-history":[{"count":0,"href":"https:\/\/www.europesays.com\/fr\/wp-json\/wp\/v2\/posts\/103476\/revisions"}],"wp:featuredmedia":[{"embeddable":true,"href":"https:\/\/www.europesays.com\/fr\/wp-json\/wp\/v2\/media\/103477"}],"wp:attachment":[{"href":"https:\/\/www.europesays.com\/fr\/wp-json\/wp\/v2\/media?parent=103476"}],"wp:term":[{"taxonomy":"category","embeddable":true,"href":"https:\/\/www.europesays.com\/fr\/wp-json\/wp\/v2\/categories?post=103476"},{"taxonomy":"post_tag","embeddable":true,"href":"https:\/\/www.europesays.com\/fr\/wp-json\/wp\/v2\/tags?post=103476"}],"curies":[{"name":"wp","href":"https:\/\/api.w.org\/{rel}","templated":true}]}}