{"id":103478,"date":"2025-05-16T03:33:18","date_gmt":"2025-05-16T03:33:18","guid":{"rendered":"https:\/\/www.europesays.com\/fr\/103478\/"},"modified":"2025-05-16T03:33:18","modified_gmt":"2025-05-16T03:33:18","slug":"ce-qui-est-critique-a-la-ville-de-lyon-cest-rarement-le-fond-mais-plutot-la-forme","status":"publish","type":"post","link":"https:\/\/www.europesays.com\/fr\/103478\/","title":{"rendered":"Ce qui est critiqu\u00e9 \u00e0 la Ville de Lyon, c&rsquo;est rarement le fond mais plut\u00f4t la forme"},"content":{"rendered":"<p>Emmanuel Giraud : \u00ab\u00a0Ce qui est critiqu\u00e9 \u00e0 la Ville de Lyon, c&rsquo;est rarement le fond mais plut\u00f4t la forme\u00a0\u00bb &#8211; LyonMag<\/p>\n<p>Ce jeudi en conseil municipale, la place centrale Abb\u00e9 Pierre de la Duch\u00e8re a \u00e9t\u00e9 officiellement rebaptis\u00e9e place Gis\u00e8le Halimi.<\/p>\n<p>Elu du 9e arrondissement, Emmanuel Giraud se f\u00e9licite de cette \u00e9tape, et rappelle qu&rsquo;il y a eu 3000 votes en faveur de Gis\u00e8le Halimi.<\/p>\n<p>Conseiller municipal d\u00e9l\u00e9gu\u00e9 aupr\u00e8s de l&rsquo;adjointe \u00e0 la Culture <a href=\"https:\/\/www.lyonmag.com\/profil-personnalite-lyonnaise\/552\/audrey-henocque\" target=\"_blank\" rel=\"noopener\">Audrey H\u00e9nocque<\/a>, le socialiste r\u00e9pond aux critiques sur les coupes budg\u00e9taires de la Ville de Lyon \u00e0 certaines structures : \u00ab\u00a0Le budget de la Culture doit \u00eatre regard\u00e9 de mani\u00e8re globale. La Villa Gillet perd 15, 20 000 euros, c&rsquo;est une r\u00e9alit\u00e9. Mais pour toute une s\u00e9rie de structures, le budget est stable. Et pour d&rsquo;autres il est en augmentation\u00a0\u00bb.<\/p>\n<p>Emmanuel Giraud est aussi pr\u00eat \u00e0 descendre dans la rue avec les \u00e9cologistes pour d\u00e9fendre ce qui a \u00e9t\u00e9 fait depuis 2020 : \u00ab\u00a0Il faut assumer le bilan. M\u00eame si on n&rsquo;est pas d&rsquo;accord avec 100% de ce qui a \u00e9t\u00e9 mis en place\u00a0\u00bb. Selon lui, \u00ab\u00a0ce qui est critiqu\u00e9, c&rsquo;est rarement le fond mais plut\u00f4t la forme\u00a0\u00bb.<\/p>\n<p>Candidate-t-il pour devenir le nouveau maire du 9e arrondissement ? \u00ab\u00a0C&rsquo;est une hypoth\u00e8se\u00a0\u00bb, admet-il, rappelant que \u00ab\u00a0le 9e est un bastion du PS\u00a0\u00bb.<\/p>\n<\/p>\n<p><strong><a href=\"https:\/\/www.lyonmag.com\/category\/50\/les-coulisses-du-grand-lyon\" target=\"_blank\" rel=\"noopener\">Les Coulisses du Grand Lyon<\/a> sont \u00e0 retrouver tous les jours \u00e0 12h sur LyonMag.com et sur <a href=\"https:\/\/www.youtube.com\/channel\/UCepdRYTQt5vKtrz-CuaFzpg\" target=\"_blank\" rel=\"noopener\">la cha\u00eene Youtube de LyonMag<\/a>.<\/strong><\/p>\n<p>00:00 Place Gis\u00e8le Halimi<br \/>&#13;<br \/>\n01:35 Bilan de ses nouvelles fonctions<br \/>&#13;<br \/>\n05:07 Budget de la culture<br \/>&#13;<br \/>\n07:45 PS alli\u00e9 aux \u00e9cologistes en 2026 ?<\/p>\n<p>            <a href=\"#\" class=\"back-page\" rel=\"back\">X<\/a><\/p>\n","protected":false},"excerpt":{"rendered":"Emmanuel Giraud : \u00ab\u00a0Ce qui est critiqu\u00e9 \u00e0 la Ville de Lyon, c&rsquo;est rarement le fond mais plut\u00f4t&hellip;\n","protected":false},"author":2,"featured_media":103479,"comment_status":"","ping_status":"","sticky":false,"template":"","format":"standard","meta":{"footnotes":""},"categories":[1889],"tags":[1111,11,2813,2190,2430,1109,251,1112,2811,1777,674,118,1011,27,1922,1110,1114,2428,2810,12,241,316,25,2812,517,800],"class_list":{"0":"post-103478","1":"post","2":"type-post","3":"status-publish","4":"format-standard","5":"has-post-thumbnail","7":"category-lyon","8":"tag-actu","9":"tag-actualites","10":"tag-article","11":"tag-asvel","12":"tag-auvergne-rhone-alpes","13":"tag-breves","14":"tag-culture","15":"tag-depeches","16":"tag-economique","17":"tag-eu","18":"tag-europe","19":"tag-faits-divers","20":"tag-fr","21":"tag-france","22":"tag-info","23":"tag-informations","24":"tag-infos","25":"tag-lyon","26":"tag-lyonmag","27":"tag-news","28":"tag-ol","29":"tag-politique","30":"tag-republique-francaise","31":"tag-sociale","32":"tag-sport","33":"tag-transports"},"share_on_mastodon":{"url":"https:\/\/pubeurope.com\/@fr\/114515411122154341","error":""},"_links":{"self":[{"href":"https:\/\/www.europesays.com\/fr\/wp-json\/wp\/v2\/posts\/103478","targetHints":{"allow":["GET"]}}],"collection":[{"href":"https:\/\/www.europesays.com\/fr\/wp-json\/wp\/v2\/posts"}],"about":[{"href":"https:\/\/www.europesays.com\/fr\/wp-json\/wp\/v2\/types\/post"}],"author":[{"embeddable":true,"href":"https:\/\/www.europesays.com\/fr\/wp-json\/wp\/v2\/users\/2"}],"replies":[{"embeddable":true,"href":"https:\/\/www.europesays.com\/fr\/wp-json\/wp\/v2\/comments?post=103478"}],"version-history":[{"count":0,"href":"https:\/\/www.europesays.com\/fr\/wp-json\/wp\/v2\/posts\/103478\/revisions"}],"wp:featuredmedia":[{"embeddable":true,"href":"https:\/\/www.europesays.com\/fr\/wp-json\/wp\/v2\/media\/103479"}],"wp:attachment":[{"href":"https:\/\/www.europesays.com\/fr\/wp-json\/wp\/v2\/media?parent=103478"}],"wp:term":[{"taxonomy":"category","embeddable":true,"href":"https:\/\/www.europesays.com\/fr\/wp-json\/wp\/v2\/categories?post=103478"},{"taxonomy":"post_tag","embeddable":true,"href":"https:\/\/www.europesays.com\/fr\/wp-json\/wp\/v2\/tags?post=103478"}],"curies":[{"name":"wp","href":"https:\/\/api.w.org\/{rel}","templated":true}]}}