{"id":103480,"date":"2025-05-16T03:36:16","date_gmt":"2025-05-16T03:36:16","guid":{"rendered":"https:\/\/www.europesays.com\/fr\/103480\/"},"modified":"2025-05-16T03:36:16","modified_gmt":"2025-05-16T03:36:16","slug":"une-vaste-escroquerie-au-prejudice-detablissements-scolaires-de-seine-saint-denis-mise-au-jour","status":"publish","type":"post","link":"https:\/\/www.europesays.com\/fr\/103480\/","title":{"rendered":"Une vaste escroquerie au pr\u00e9judice d&rsquo;\u00e9tablissements scolaires de Seine-Saint-Denis mise au jour"},"content":{"rendered":"<p>            Par<br \/>\n        <strong><br \/>\n            <a href=\"https:\/\/actu.fr\/auteur\/redaction-seinesaintdenis\" title=\"Consulter tous les articles de R\u00e9daction Seine-Saint-Denis\" rel=\"nofollow noopener\" target=\"_blank\">R\u00e9daction Seine-Saint-Denis<\/a><br \/>\n        <\/strong><\/p>\n<p>        Publi\u00e9 le<\/p>\n<p>            15 mai 2025 \u00e0 17h00        <\/p>\n<p>Au service de l\u2019\u00c9tat, puis de ses propres int\u00e9r\u00eats\u2009? Un ancien commissaire des arm\u00e9es devenu agent comptable aurait d\u00e9tourn\u00e9 pr\u00e8s de 650\u2009000\u00a0euros au pr\u00e9judice de coll\u00e8ges et de lyc\u00e9es de<a href=\"https:\/\/actu.fr\/ile-de-france\/seine-saint-denis_93\" rel=\"nofollow noopener\" target=\"_blank\"> Seine-Saint-Denis<\/a>, a r\u00e9v\u00e9l\u00e9 <a href=\"https:\/\/www.leparisien.fr\/seine-saint-denis-93\/pres-de-650-000-euros-detournes-dans-des-colleges-et-lycees-le-departement-de-seine-saint-denis-porte-plainte-14-05-2025-VIAIDVOFTZGHPJFHGLW4KFPY5U.php\" rel=\"nofollow noopener\" target=\"_blank\">Le Parisien<\/a>.<\/p>\n<p class=\" wall-content\">Le <a href=\"https:\/\/actu.fr\/tag\/tribunal-de-bobigny\" rel=\"nofollow noopener\" target=\"_blank\">parquet de Bobigny<\/a> a ouvert une enqu\u00eate pour ces faits qui auraient \u00e9t\u00e9 commis pendant huit ans (entre 2017 et 2024), et poursuit le suspect pour abus de confiance. Le conseil d\u00e9partemental, pr\u00e9sid\u00e9 par <a href=\"https:\/\/actu.fr\/tag\/stephane-troussel\" rel=\"nofollow noopener\" target=\"_blank\">St\u00e9phane Troussel (PS)<\/a>, indign\u00e9, a annonc\u00e9 vouloir porter plainte avec constitution de partie civile, ajoute le quotidien. De son c\u00f4t\u00e9, la r\u00e9gion \u00cele-de-France nous a confirm\u00e9 s\u2019associer \u00e0 la plainte en raison du pr\u00e9judice subi. Dans un d\u00e9partement o\u00f9 les \u00e9tablissements scolaires<a href=\"https:\/\/actu.fr\/societe\/seine-saint-denis-des-millions-d-euros-prevus-pour-renover-neuf-colleges_48504333.html\" rel=\"nofollow noopener\" target=\"_blank\"> peinent \u00e0 \u00eatre entretenus<\/a>, un d\u00e9tournement de fonds de cette ampleur est loin d\u2019arranger la situation.<\/p>\n<p>Voitures de luxe, voyages\u2026<\/p>\n<p class=\" wall-content\">Si l\u2019homme aujourd\u2019hui \u00e2g\u00e9 de 54\u00a0ans a r\u00e9ussi \u00e0 faire passer aussi longtemps son man\u00e8ge sous les radars, des soup\u00e7ons ont fini par \u00e9clore chez la directrice du lyc\u00e9e Fran\u00e7ois-Rabelais, \u00e0 Dugny, qui a fini par signaler les abus financiers au rectorat, en f\u00e9vrier\u00a02024.<\/p>\n<p class=\" wall-content\">Les agissements du suspect lui auraient servi \u00e0 financer son train de vie priv\u00e9, afin de vivre au-dessus des moyens que sa fonction lui permettait, pr\u00e9cise Le Parisien. Les fonds d\u00e9tourn\u00e9s lui auraient ainsi permis de financer des locations de voitures de luxe, du mat\u00e9riel high-tech et plusieurs voyages en Afrique, notamment en C\u00f4te d\u2019Ivoire et au Mali.<\/p>\n<p class=\" wall-content\">Depuis r\u00e9voqu\u00e9 de ses fonctions, le suspect est convoqu\u00e9 devant le tribunal de Bobigny en novembre\u00a02025. Il n\u2019y sera pas seul. Sa compagne de 24\u00a0ans est elle aussi poursuivie pour recel d\u2019abus de confiance.<\/p>\n<p>Vid\u00e9os : en ce moment sur Actu<\/p>\n<p class=\" wall-content\"><strong>Robin Verrier<\/strong><\/p>\n<p class=\" wall-content\">Suivez toute l\u2019actualit\u00e9 de vos villes et m\u00e9dias favoris en vous inscrivant \u00e0 <a href=\"https:\/\/moncompte.actu.fr\" title=\"D\u00e9couvez Mon Actu\" rel=\"nofollow noopener\" data-trk=\"{&quot;cta&quot;:{&quot;action&quot;:&quot;https:\\\/\\\/moncompte.actu.fr&quot;,&quot;category&quot;:&quot;mon compte&quot;,&quot;from&quot;:&quot;article footer&quot;,&quot;name&quot;:&quot;Mon actu&quot;,&quot;type&quot;:&quot;cta&quot;}}\" target=\"_blank\">Mon Actu<\/a>.<\/p>\n","protected":false},"excerpt":{"rendered":"Par R\u00e9daction Seine-Saint-Denis Publi\u00e9 le 15 mai 2025 \u00e0 17h00 Au service de l\u2019\u00c9tat, puis de ses propres&hellip;\n","protected":false},"author":2,"featured_media":103481,"comment_status":"","ping_status":"","sticky":false,"template":"","format":"standard","meta":{"footnotes":""},"categories":[1888],"tags":[22004,1111,1928,11,1927,3513,1777,674,118,1011,27,303,12,1926,626,1925,25],"class_list":{"0":"post-103480","1":"post","2":"type-post","3":"status-publish","4":"format-standard","5":"has-post-thumbnail","7":"category-paris","8":"tag-abus-de-confiance","9":"tag-actu","10":"tag-actu-paris","11":"tag-actualites","12":"tag-actualites-paris","13":"tag-escroquerie","14":"tag-eu","15":"tag-europe","16":"tag-faits-divers","17":"tag-fr","18":"tag-france","19":"tag-justice","20":"tag-news","21":"tag-news-paris","22":"tag-paris","23":"tag-paris-news","24":"tag-republique-francaise"},"share_on_mastodon":{"url":"https:\/\/pubeurope.com\/@fr\/114515422954061005","error":""},"_links":{"self":[{"href":"https:\/\/www.europesays.com\/fr\/wp-json\/wp\/v2\/posts\/103480","targetHints":{"allow":["GET"]}}],"collection":[{"href":"https:\/\/www.europesays.com\/fr\/wp-json\/wp\/v2\/posts"}],"about":[{"href":"https:\/\/www.europesays.com\/fr\/wp-json\/wp\/v2\/types\/post"}],"author":[{"embeddable":true,"href":"https:\/\/www.europesays.com\/fr\/wp-json\/wp\/v2\/users\/2"}],"replies":[{"embeddable":true,"href":"https:\/\/www.europesays.com\/fr\/wp-json\/wp\/v2\/comments?post=103480"}],"version-history":[{"count":0,"href":"https:\/\/www.europesays.com\/fr\/wp-json\/wp\/v2\/posts\/103480\/revisions"}],"wp:featuredmedia":[{"embeddable":true,"href":"https:\/\/www.europesays.com\/fr\/wp-json\/wp\/v2\/media\/103481"}],"wp:attachment":[{"href":"https:\/\/www.europesays.com\/fr\/wp-json\/wp\/v2\/media?parent=103480"}],"wp:term":[{"taxonomy":"category","embeddable":true,"href":"https:\/\/www.europesays.com\/fr\/wp-json\/wp\/v2\/categories?post=103480"},{"taxonomy":"post_tag","embeddable":true,"href":"https:\/\/www.europesays.com\/fr\/wp-json\/wp\/v2\/tags?post=103480"}],"curies":[{"name":"wp","href":"https:\/\/api.w.org\/{rel}","templated":true}]}}