{"id":10349,"date":"2025-04-08T13:53:10","date_gmt":"2025-04-08T13:53:10","guid":{"rendered":"https:\/\/www.europesays.com\/fr\/10349\/"},"modified":"2025-04-08T13:53:10","modified_gmt":"2025-04-08T13:53:10","slug":"les-avocats-des-trois-anciens-ministres-plaident-le-vide-abyssal-du-dossier-liberation","status":"publish","type":"post","link":"https:\/\/www.europesays.com\/fr\/10349\/","title":{"rendered":"les avocats des trois anciens ministres plaident le \u00abvide abyssal\u00bb du dossier \u2013 Lib\u00e9ration"},"content":{"rendered":"<p class=\"sc-cPiKLX AiZTS text-element\">\u00c0 entendre les avocats de Claude Gu\u00e9ant, de Brice Hortefeux et d\u2019\u00c9ric Woerth, le dossier qui a men\u00e9 leurs clients devant la 32e chambre du tribunal correctionnel de Paris est vide, ou presque. Ce lundi 7 avril, \u00e0 la veille de la cl\u00f4ture du proc\u00e8s du financement libyen suspect\u00e9 de la campagne pr\u00e9sidentielle de Nicolas Sarkozy en 2007, les conseils des trois anciens ministres de droite mis en cause \u00e0 des degr\u00e9s divers dans cette affaire ont plaid\u00e9, \u00e0 l\u2019unisson, la relaxe et ont tent\u00e9 de r\u00e9pondre \u00e0<a href=\"https:\/\/www.liberation.fr\/societe\/police-justice\/sept-ans-de-prison-requis-contre-sarkozy-une-quete-effrenee-pour-des-financements-necessaires-a-la-satisfaction-de-ses-ambitions-politiques-devorantes-20250327_K5SVCZQQ75GZXBZYNTT2YJ2LKM\/\" target=\"_blank\" rel=\"noopener\"> la lourde charge du Parquet national financier (PNF) dans ses r\u00e9quisitions<\/a>.<\/p>\n<p class=\"sc-cPiKLX AiZTS text-element\">\u00abAu fil du temps l\u2019hypoth\u00e8se devient une conviction et la conviction une pseudo-d\u00e9monstration de la culpabilit\u00e9\u00bb, critique Philippe Bouchez El Ghozi, qui d\u00e9fend Claude Gu\u00e9ant, ancien directeur de cabinet de Nicolas Sarkozy, alors ministre de l\u2019Int\u00e9rieur. Pour l\u2019avocat, cette \u00absomme d\u2019hypoth\u00e8ses ne vaut pas preuve des d\u00e9lits poursuivis\u00bb. Jean-Yves Dupeux, aux c\u00f4t\u00e9s de Brice Hortefeux, dit pour sa part qu\u2019il existe bien des indices \u00abgraves\u00bb mais ils ne seraient ni pr\u00e9cis, ni concordants &#8211; conditions n\u00e9cessaires pour une condamnation. Quelques instants plus t\u00f4t, l\u2019avocat d\u2019\u00c9ric Woerth, Jean-Yves le Borgne, en s\u2019adressant aux magis<\/p>\n","protected":false},"excerpt":{"rendered":"\u00c0 entendre les avocats de Claude Gu\u00e9ant, de Brice Hortefeux et d\u2019\u00c9ric Woerth, le dossier qui a men\u00e9&hellip;\n","protected":false},"author":2,"featured_media":10350,"comment_status":"","ping_status":"","sticky":false,"template":"","format":"standard","meta":{"footnotes":""},"categories":[2],"tags":[11,1011,27,12,3091,5062],"class_list":{"0":"post-10349","1":"post","2":"type-post","3":"status-publish","4":"format-standard","5":"has-post-thumbnail","7":"category-actualites","8":"tag-actualites","9":"tag-fr","10":"tag-france","11":"tag-news","12":"tag-nicolas-sarkozy","13":"tag-sarkozy-face-a-la-justice"},"share_on_mastodon":{"url":"https:\/\/pubeurope.com\/@fr\/114302681317173738","error":""},"_links":{"self":[{"href":"https:\/\/www.europesays.com\/fr\/wp-json\/wp\/v2\/posts\/10349","targetHints":{"allow":["GET"]}}],"collection":[{"href":"https:\/\/www.europesays.com\/fr\/wp-json\/wp\/v2\/posts"}],"about":[{"href":"https:\/\/www.europesays.com\/fr\/wp-json\/wp\/v2\/types\/post"}],"author":[{"embeddable":true,"href":"https:\/\/www.europesays.com\/fr\/wp-json\/wp\/v2\/users\/2"}],"replies":[{"embeddable":true,"href":"https:\/\/www.europesays.com\/fr\/wp-json\/wp\/v2\/comments?post=10349"}],"version-history":[{"count":0,"href":"https:\/\/www.europesays.com\/fr\/wp-json\/wp\/v2\/posts\/10349\/revisions"}],"wp:featuredmedia":[{"embeddable":true,"href":"https:\/\/www.europesays.com\/fr\/wp-json\/wp\/v2\/media\/10350"}],"wp:attachment":[{"href":"https:\/\/www.europesays.com\/fr\/wp-json\/wp\/v2\/media?parent=10349"}],"wp:term":[{"taxonomy":"category","embeddable":true,"href":"https:\/\/www.europesays.com\/fr\/wp-json\/wp\/v2\/categories?post=10349"},{"taxonomy":"post_tag","embeddable":true,"href":"https:\/\/www.europesays.com\/fr\/wp-json\/wp\/v2\/tags?post=10349"}],"curies":[{"name":"wp","href":"https:\/\/api.w.org\/{rel}","templated":true}]}}