{"id":103492,"date":"2025-05-16T03:42:15","date_gmt":"2025-05-16T03:42:15","guid":{"rendered":"https:\/\/www.europesays.com\/fr\/103492\/"},"modified":"2025-05-16T03:42:15","modified_gmt":"2025-05-16T03:42:15","slug":"quand-trump-moque-la-france-et-laccent-de-macron-devant-ses-soldats","status":"publish","type":"post","link":"https:\/\/www.europesays.com\/fr\/103492\/","title":{"rendered":"Quand Trump moque la France (et l\u2019accent de Macron) devant ses soldats"},"content":{"rendered":"<p> \u00abOn a gagn\u00e9 la guerre, et pourtant on ne c\u00e9l\u00e8bre m\u00eame pas\u00a0\u00bb, a lanc\u00e9 <a href=\"https:\/\/www.20minutes.fr\/dossier\/donald_trump\" target=\"_blank\" class=\"color-ultramarine c-link\" rel=\"noopener\">Donald Trump<\/a> dans un discours au ton provocateur, moquant la France et appelant les Etats-Unis \u00e0 mieux honorer leur r\u00f4le d\u00e9cisif dans la <a href=\"https:\/\/www.20minutes.fr\/dossier\/seconde_guerre_mondiale\" target=\"_blank\" class=\"color-ultramarine c-link\" rel=\"noopener\">Seconde Guerre mondiale<\/a>.<\/p>\n<p>Lors de ce discours prononc\u00e9 devant des troupes am\u00e9ricaines \u00e0 la base d\u2019Al Udeid, au Qatar, le pr\u00e9sident am\u00e9ricain a critiqu\u00e9 les <a href=\"https:\/\/www.20minutes.fr\/dossier\/commemoration\" target=\"_blank\" class=\"color-ultramarine c-link\" rel=\"noopener\">comm\u00e9morations du 8-Mai<\/a> tenues en Europe, en particulier en France, et d\u00e9nonc\u00e9 l\u2019absence d\u2019hommage \u00e9quivalent aux <a href=\"https:\/\/www.20minutes.fr\/monde\/etats-unis\/\" target=\"_blank\" class=\"color-ultramarine c-link\" rel=\"noopener\">Etats-Unis<\/a>. \u00ab\u00a0On aime la France, d\u2019accord. Mais je pense qu\u2019on a fait un peu plus pour gagner la guerre que la France, non\u00a0?\u00a0\u00bb, a-t-il d\u00e9clar\u00e9, d\u00e9clenchant les rires de l\u2019auditoire.<\/p>\n<p>Le r\u00f4le de la France moqu\u00e9e<\/p>\n<p>Donald Trump a ironis\u00e9 sur le r\u00f4le de la France en rappelant\u00a0: \u00ab\u00a0Quand Hitler a fait son discours \u00e0 la tour Eiffel, je dirais que ce n\u2019\u00e9tait pas exactement id\u00e9al.\u00a0\u00bb Attention car cette d\u00e9claration est historiquement fausse. En effet, Adolf Hitler n\u2019a jamais prononc\u00e9 de discours l\u00e0-bas. Il a simplement \u00e9t\u00e9 photographi\u00e9 au Trocadero le 28 juin 1940. Donald Trump a aussi racont\u00e9 avoir \u00e9chang\u00e9 avec le pr\u00e9sident fran\u00e7ais <a href=\"https:\/\/www.20minutes.fr\/politique\/emmanuel-macron\/\" target=\"_blank\" class=\"color-ultramarine c-link\" rel=\"noopener\">Emmanuel Macron<\/a>. Imitant son accent, Donald Trump a lanc\u00e9\u00a0: \u00ab\u00a0Donald, nous c\u00e9l\u00e9brons notre victoire sur les Allemands.\u00a0\u00bb Ce \u00e0 quoi il aurait r\u00e9pondu\u00a0: \u00ab\u00a0C\u2019est merveilleux. Mais chaque pays \u00e0 qui j\u2019ai parl\u00e9 cette semaine c\u00e9l\u00e8bre la guerre, sauf nous. Ce n\u2019est pas terrible, \u00e7a\u00a0?\u00a0\u00bb<\/p>\n<\/p>\n<p>Selon <a href=\"https:\/\/www.newsweek.com\/trump-mocks-france-over-world-war-ii-celebrations-2072616\" rel=\"nofollow noopener\" target=\"_blank\" class=\"color-ultramarine c-link\">Newsweek<\/a>, qui rapporte ces propos, Donald Trump a poursuivi en affirmant que \u00ab\u00a0la Russie c\u00e9l\u00e9brait, la <a href=\"https:\/\/www.20minutes.fr\/france\/\" target=\"_blank\" class=\"color-ultramarine c-link\" rel=\"noopener\">France<\/a> c\u00e9l\u00e9brait, tout le monde c\u00e9l\u00e9brait sauf nous. Et c\u2019est nous qui avons gagn\u00e9 la guerre\u00a0\u00bb. Il a martel\u00e9\u00a0: \u00ab\u00a0Sans nous, ils ne gagnaient pas. On parlerait tous allemand. Peut-\u00eatre un peu japonais aussi.\u00a0\u00bb. Le pr\u00e9sident a aussi critiqu\u00e9 le fait que ces c\u00e9l\u00e9brations soient f\u00e9ri\u00e9es. \u00ab\u00a0Notre pays doit aller au travail\u00a0\u00bb, a-t-il r\u00e9p\u00e9t\u00e9.<\/p>\n<p>Une vision un peu trop partiale de l\u2019histoire<\/p>\n<p>Mais ces propos n\u2019ont pas manqu\u00e9 de faire r\u00e9agir. Plusieurs historiens ont critiqu\u00e9 une vision jug\u00e9e partiale de l\u2019histoire. L\u2019historien britannique Richard Overy, sp\u00e9cialiste reconnu de la Seconde Guerre mondiale, a d\u00e9clar\u00e9 au journal que les remarques de Donald Trump constituaient une \u00ab\u00a0distorsion extraordinaire de l\u2019histoire\u00a0\u00bb, soulignant que le pr\u00e9sident avait \u00ab\u00a0compl\u00e8tement oubli\u00e9 ce qu\u2019a accompli l\u2019Arm\u00e9e rouge\u00a0\u00bb.<\/p>\n<p><a href=\"https:\/\/www.20minutes.fr\/dossier\/donald_trump\" target=\"_blank\" class=\"c-link c-btn c-btn--primary\" rel=\"noopener\">Notre dossier sur Donald Trump<\/a><\/p>\n<p>Contact\u00e9 par Newsweek, le minist\u00e8re fran\u00e7ais des Affaires \u00e9trang\u00e8res n\u2019a pas encore comment\u00e9 les d\u00e9clarations du pr\u00e9sident des Etats-Unis.<\/p>\n","protected":false},"excerpt":{"rendered":"\u00abOn a gagn\u00e9 la guerre, et pourtant on ne c\u00e9l\u00e8bre m\u00eame pas\u00a0\u00bb, a lanc\u00e9 Donald Trump dans un&hellip;\n","protected":false},"author":2,"featured_media":103493,"comment_status":"","ping_status":"","sticky":false,"template":"","format":"standard","meta":{"footnotes":""},"categories":[1589],"tags":[47,11,17337,75,1073,73,1866,74,936,12,1463,935,1864,1865,1863,308],"class_list":{"0":"post-103492","1":"post","2":"type-post","3":"status-publish","4":"format-standard","5":"has-post-thumbnail","7":"category-etats-unis","8":"tag-actualite","9":"tag-actualites","10":"tag-commemoration","11":"tag-donald-trump","12":"tag-emmanuel-macron","13":"tag-etats-unis","14":"tag-etats-unis-damerique","15":"tag-monde","16":"tag-nazi","17":"tag-news","18":"tag-qatar","19":"tag-seconde-guerre-mondiale","20":"tag-united-states","21":"tag-united-states-of-america","22":"tag-us","23":"tag-usa"},"share_on_mastodon":{"url":"https:\/\/pubeurope.com\/@fr\/114515446687417350","error":""},"_links":{"self":[{"href":"https:\/\/www.europesays.com\/fr\/wp-json\/wp\/v2\/posts\/103492","targetHints":{"allow":["GET"]}}],"collection":[{"href":"https:\/\/www.europesays.com\/fr\/wp-json\/wp\/v2\/posts"}],"about":[{"href":"https:\/\/www.europesays.com\/fr\/wp-json\/wp\/v2\/types\/post"}],"author":[{"embeddable":true,"href":"https:\/\/www.europesays.com\/fr\/wp-json\/wp\/v2\/users\/2"}],"replies":[{"embeddable":true,"href":"https:\/\/www.europesays.com\/fr\/wp-json\/wp\/v2\/comments?post=103492"}],"version-history":[{"count":0,"href":"https:\/\/www.europesays.com\/fr\/wp-json\/wp\/v2\/posts\/103492\/revisions"}],"wp:featuredmedia":[{"embeddable":true,"href":"https:\/\/www.europesays.com\/fr\/wp-json\/wp\/v2\/media\/103493"}],"wp:attachment":[{"href":"https:\/\/www.europesays.com\/fr\/wp-json\/wp\/v2\/media?parent=103492"}],"wp:term":[{"taxonomy":"category","embeddable":true,"href":"https:\/\/www.europesays.com\/fr\/wp-json\/wp\/v2\/categories?post=103492"},{"taxonomy":"post_tag","embeddable":true,"href":"https:\/\/www.europesays.com\/fr\/wp-json\/wp\/v2\/tags?post=103492"}],"curies":[{"name":"wp","href":"https:\/\/api.w.org\/{rel}","templated":true}]}}