{"id":103494,"date":"2025-05-16T03:43:11","date_gmt":"2025-05-16T03:43:11","guid":{"rendered":"https:\/\/www.europesays.com\/fr\/103494\/"},"modified":"2025-05-16T03:43:11","modified_gmt":"2025-05-16T03:43:11","slug":"vers-la-creation-de-hubs-pour-migrants-hors-de-ses-frontieres","status":"publish","type":"post","link":"https:\/\/www.europesays.com\/fr\/103494\/","title":{"rendered":"Vers la cr\u00e9ation de \u00ab\u00a0hubs pour migrants\u00a0\u00bb hors de ses fronti\u00e8res"},"content":{"rendered":"<p>Le <a href=\"https:\/\/www.20minutes.fr\/monde\/royaume-uni\/\" class=\"color-ultramarine c-link\" rel=\"nofollow noopener\" target=\"_blank\">Royaume-Uni<\/a> va entamer des discussions pour mettre en place hors de ses fronti\u00e8res des \u00ab\u00a0hubs de retour\u00a0\u00bb ou centres pour les <a href=\"https:\/\/www.20minutes.fr\/dossier\/demandeurs_d_asile\" class=\"color-ultramarine c-link\" rel=\"nofollow noopener\" target=\"_blank\">demandeurs d\u2019asile<\/a> dont le dossier a \u00e9t\u00e9 rejet\u00e9, a annonc\u00e9 jeudi le Premier ministre Keir Starmer en d\u00e9placement en <a href=\"https:\/\/www.20minutes.fr\/dossier\/albanie\" class=\"color-ultramarine c-link\" rel=\"nofollow noopener\" target=\"_blank\">Albanie<\/a>.<\/p>\n<p>\u00ab\u00a0Ce dont nous discutons, ce sont des centres de retour\u00a0\u00bb pour migrants, \u00ab\u00a0pour nous assurer qu\u2019ils sont effectivement renvoy\u00e9s\u00a0\u00bb, a d\u00e9clar\u00e9 le dirigeant travailliste \u00e0 la cha\u00eene GB News, sans pr\u00e9ciser avec quels pays ces pourparlers \u00e9taient men\u00e9s.<\/p>\n<p>Acc\u00e9l\u00e9ration des expulsions<\/p>\n<p>L\u2019Union europ\u00e9enne a elle aussi ouvert la voie r\u00e9cemment \u00e0 de tels \u00ab\u00a0centres de retour\u00a0\u00bb hors de ses fronti\u00e8res pour acc\u00e9l\u00e9rer les expulsions de migrants sans titre de s\u00e9jour. L\u2019Italie de son c\u00f4t\u00e9 a d\u00e9j\u00e0 ouvert ce type de centre en Albanie. Mais, \u00e0 ce jour, la justice a suspendu les expulsions de migrants.<\/p>\n","protected":false},"excerpt":{"rendered":"Le Royaume-Uni va entamer des discussions pour mettre en place hors de ses fronti\u00e8res des \u00ab\u00a0hubs de retour\u00a0\u00bb&hellip;\n","protected":false},"author":2,"featured_media":103495,"comment_status":"","ping_status":"","sticky":false,"template":"","format":"standard","meta":{"footnotes":""},"categories":[1588],"tags":[47,11,5230,19046,1777,674,2581,1251,74,12,473,1853,1851,1850,1852],"class_list":{"0":"post-103494","1":"post","2":"type-post","3":"status-publish","4":"format-standard","5":"has-post-thumbnail","7":"category-royaume-uni","8":"tag-actualite","9":"tag-actualites","10":"tag-albanie","11":"tag-demandeurs-dasile","12":"tag-eu","13":"tag-europe","14":"tag-keir-starmer","15":"tag-migrants","16":"tag-monde","17":"tag-news","18":"tag-royaume-uni","19":"tag-royaume-uni-de-grande-bretagne-et-dirlande-du-nord","20":"tag-uk","21":"tag-united-kingdom","22":"tag-united-kingdom-of-great-britain-and-northern-ireland"},"share_on_mastodon":{"url":"https:\/\/pubeurope.com\/@fr\/114515450512834985","error":""},"_links":{"self":[{"href":"https:\/\/www.europesays.com\/fr\/wp-json\/wp\/v2\/posts\/103494","targetHints":{"allow":["GET"]}}],"collection":[{"href":"https:\/\/www.europesays.com\/fr\/wp-json\/wp\/v2\/posts"}],"about":[{"href":"https:\/\/www.europesays.com\/fr\/wp-json\/wp\/v2\/types\/post"}],"author":[{"embeddable":true,"href":"https:\/\/www.europesays.com\/fr\/wp-json\/wp\/v2\/users\/2"}],"replies":[{"embeddable":true,"href":"https:\/\/www.europesays.com\/fr\/wp-json\/wp\/v2\/comments?post=103494"}],"version-history":[{"count":0,"href":"https:\/\/www.europesays.com\/fr\/wp-json\/wp\/v2\/posts\/103494\/revisions"}],"wp:featuredmedia":[{"embeddable":true,"href":"https:\/\/www.europesays.com\/fr\/wp-json\/wp\/v2\/media\/103495"}],"wp:attachment":[{"href":"https:\/\/www.europesays.com\/fr\/wp-json\/wp\/v2\/media?parent=103494"}],"wp:term":[{"taxonomy":"category","embeddable":true,"href":"https:\/\/www.europesays.com\/fr\/wp-json\/wp\/v2\/categories?post=103494"},{"taxonomy":"post_tag","embeddable":true,"href":"https:\/\/www.europesays.com\/fr\/wp-json\/wp\/v2\/tags?post=103494"}],"curies":[{"name":"wp","href":"https:\/\/api.w.org\/{rel}","templated":true}]}}