{"id":103496,"date":"2025-05-16T03:44:08","date_gmt":"2025-05-16T03:44:08","guid":{"rendered":"https:\/\/www.europesays.com\/fr\/103496\/"},"modified":"2025-05-16T03:44:08","modified_gmt":"2025-05-16T03:44:08","slug":"lallemagne-a-teste-et-approuve-le-revenu-de-base-mais-devrait-le-remiser","status":"publish","type":"post","link":"https:\/\/www.europesays.com\/fr\/103496\/","title":{"rendered":"L\u2019Allemagne a test\u00e9 et approuv\u00e9 le revenu de base, mais devrait le remiser"},"content":{"rendered":"\n<p>Le mois o\u00f9 son revenu de base a cess\u00e9 de tomber sur son compte en banque, Samira Korves ne l\u2019a pas tout de suite remarqu\u00e9. \u201cJe n\u2019avais plus besoin de cet argent\u201d, explique-t-elle. Pendant trois ans, cette professeure de natation a re\u00e7u 1\u00a0200\u00a0euros par mois \u2013 comme \u00e7a, sans condition. De 2021 \u00e0 2024, elle a fait partie d\u2019une exp\u00e9rimentation pour laquelle 2\u00a0millions de personnes s\u2019\u00e9taient port\u00e9es candidates. Seuls 122 citoyens ont finalement pu b\u00e9n\u00e9ficier de ce revenu mensuel, sous le regard curieux de scientifiques.<\/p>\n<p>Certes, la somme ne lui manque plus, mais Samira Korves admet qu\u2019elle l\u2019a bien aid\u00e9e. Quand elle a pu reprendre ses cours apr\u00e8s la pand\u00e9mie, elle a \u00e9t\u00e9 en mesure de recruter \u00e0 temps partiel une entra\u00eeneuse ainsi qu\u2019une kin\u00e9sith\u00e9rapeute. Elle a \u00e9galement investi dans du mat\u00e9riel et dans une plateforme de r\u00e9servation pour ses clients. Son \u00e9quipe compte aujourd\u2019hui vingt\u00a0personnes et op\u00e8re dans cinq bassins diff\u00e9rents.<\/p>\n<p> Premiers r\u00e9sultats <\/p>\n<p>Si elle est reconnaissante d\u2019avoir re\u00e7u ces sommes sans condition, elle reste n\u00e9anmoins critique. Elle s\u2019enthousiasme \u00e0 l\u2019id\u00e9e de voir des gens r\u00e9aliser leurs r\u00eaves, sans toutefois se d\u00e9partir d\u2019une interrogation\u00a0:<\/p>\n<blockquote><p>\u201cLes autres auraient-ils investi cet argent de mani\u00e8re aussi raisonnable que moi\u00a0?\u201d<\/p><\/blockquote>\n<p>C\u2019est la question qu\u2019est cens\u00e9e r\u00e9soudre l\u2019exp\u00e9rimentation. L\u2019association Mein Grundeinkommen [\u201cMon revenu de base\u201d] a travaill\u00e9 de concert avec des scientifiques de l\u2019universit\u00e9 de Vienne [en Autriche], de l\u2019Institut allemand de recherche en \u00e9conomie et de l\u2019Institut de recherche [allemand] sur le march\u00e9 du travail et de l\u2019emploi. Tous les six mois, les participants devaient remplir un questionnaire, l\u2019occasion de raconter leur nouvelle vie avec ce revenu garanti. Quatre ans apr\u00e8s le lancement du projet, les r\u00e9sultats sont disponibles.<\/p>\n<p>Certains sont sans surprise\u00a0: les participants ont pu davantage \u00e9conomiser, consommer et aider leurs proches. Et selon certains t\u00e9moignages, le dispositif leur a permis d\u2019\u00eatre moins anxieux et en meilleure sant\u00e9 mentale, en comparaison des membres du groupe t\u00e9moin.<\/p>\n<p> Le revenu garanti ne pousse pas au farniente <\/p>\n<p>Un r\u00e9sultat a cependant surpris les scientifiques\u00a0: \u201cPersonne ne s\u2019attendait \u00e0 voir autant de participants continuer \u00e0 travailler malgr\u00e9 ce revenu assur\u00e9\u201d, indique Susann Fiedler, psychologue comporte<\/p>\n","protected":false},"excerpt":{"rendered":"Le mois o\u00f9 son revenu de base a cess\u00e9 de tomber sur son compte en banque, Samira Korves&hellip;\n","protected":false},"author":2,"featured_media":103497,"comment_status":"","ping_status":"","sticky":false,"template":"","format":"standard","meta":{"footnotes":""},"categories":[1587],"tags":[11,672,1804,1805,1803,341,1777,674,1801,12,1802,22006,3847,2542],"class_list":{"0":"post-103496","1":"post","2":"type-post","3":"status-publish","4":"format-standard","5":"has-post-thumbnail","7":"category-allemagne","8":"tag-actualites","9":"tag-allemagne","10":"tag-bundesrepublik-deutschland","11":"tag-de","12":"tag-deutschland","13":"tag-emploi","14":"tag-eu","15":"tag-europe","16":"tag-germany","17":"tag-news","18":"tag-republique-federale-dallemagne","19":"tag-revenu-universel","20":"tag-travail","21":"tag-u00e9conomie"},"share_on_mastodon":{"url":"https:\/\/pubeurope.com\/@fr\/114515454488875827","error":""},"_links":{"self":[{"href":"https:\/\/www.europesays.com\/fr\/wp-json\/wp\/v2\/posts\/103496","targetHints":{"allow":["GET"]}}],"collection":[{"href":"https:\/\/www.europesays.com\/fr\/wp-json\/wp\/v2\/posts"}],"about":[{"href":"https:\/\/www.europesays.com\/fr\/wp-json\/wp\/v2\/types\/post"}],"author":[{"embeddable":true,"href":"https:\/\/www.europesays.com\/fr\/wp-json\/wp\/v2\/users\/2"}],"replies":[{"embeddable":true,"href":"https:\/\/www.europesays.com\/fr\/wp-json\/wp\/v2\/comments?post=103496"}],"version-history":[{"count":0,"href":"https:\/\/www.europesays.com\/fr\/wp-json\/wp\/v2\/posts\/103496\/revisions"}],"wp:featuredmedia":[{"embeddable":true,"href":"https:\/\/www.europesays.com\/fr\/wp-json\/wp\/v2\/media\/103497"}],"wp:attachment":[{"href":"https:\/\/www.europesays.com\/fr\/wp-json\/wp\/v2\/media?parent=103496"}],"wp:term":[{"taxonomy":"category","embeddable":true,"href":"https:\/\/www.europesays.com\/fr\/wp-json\/wp\/v2\/categories?post=103496"},{"taxonomy":"post_tag","embeddable":true,"href":"https:\/\/www.europesays.com\/fr\/wp-json\/wp\/v2\/tags?post=103496"}],"curies":[{"name":"wp","href":"https:\/\/api.w.org\/{rel}","templated":true}]}}