{"id":1034965,"date":"2026-06-30T19:44:37","date_gmt":"2026-06-30T19:44:37","guid":{"rendered":"https:\/\/www.europesays.com\/fr\/1034965\/"},"modified":"2026-06-30T19:44:37","modified_gmt":"2026-06-30T19:44:37","slug":"dncg-bordeaux-exclu-que-va-t-il-se-passer-maintenant","status":"publish","type":"post","link":"https:\/\/www.europesays.com\/fr\/1034965\/","title":{"rendered":"DNCG : Bordeaux exclu ! Que va-t-il se passer maintenant ?"},"content":{"rendered":"<p>\n    30\/06 &#8211; 20:31 | Par Nicolas Pietrelli | Il y a<br \/>\n    1 heure\n  <\/p>\n<p><strong>Les Girondins de Bordeaux ont \u00e9t\u00e9 exclus des comp\u00e9titions nationales par la DNCG. Une d\u00e9cision historique qui plonge le club dans une immense incertitude. On en parle pendant une heure avec Laurent Crocis et Nicolas Pietrelli.<\/strong><\/p>\n<p><img decoding=\"async\" src=\"https:\/\/www.europesays.com\/fr\/wp-content\/uploads\/2026\/06\/671_c99335742a6e07bc0a48d874e0a9c8b3.png\" alt=\"DNCG : Bordeaux exclu ! Que va-t-il se passer maintenant ?\" class=\"img-responsive mt-3\"\/><\/p>\n<p class=\"text-center mb-3\" style=\"font-size: 14px\">\u00a9 Iconsport<\/p>\n<p>      <strong>L&rsquo;actu des Girondins comment\u00e9e<\/strong><\/p>\n<p>\u00c9mission sp\u00e9ciale \u00e0 regarder sur la <a href=\"https:\/\/www.youtube.com\/watch?v=X3BOJYnimWo\" target=\"_blank\" rel=\"noopener nofollow\">cha\u00eene YouTube de WebGirondins<\/a> :<\/p>\n<p>Ce navigateur ne supporte pas les iframes<\/p>\n<p>Le\u00a0sommaire :<\/p>\n<p><img decoding=\"async\" src=\"https:\/\/www.europesays.com\/fr\/wp-content\/uploads\/2026\/06\/INFOGRAPHIES E\u0301MISSIONS (25).jpg\" alt=\"INFOGRAPHIES E\u0301MISSIONS (25).jpg (134 KB)\" style=\"width:800px;max-width:100%;\"\/><\/p>\n<p>\u00c0 lire :\u00a0<strong><a href=\"https:\/\/www.webgirondins.com\/actualite-girondins-girondins-le-club-reagit-officiellement-a-la-decision-de-la-dncg-133703\" target=\"_blank\" rel=\"noopener nofollow\">Bordeaux r\u00e9agit officiellement \u00e0 la d\u00e9cision de la DNCG<\/a><br \/><\/strong><\/p>\n<p>    <a href=\"https:\/\/www.webgirondins.com\/actualites-categorie-le-talk-webgirondins-21\" rel=\"nofollow noopener\" target=\"_blank\">#Le Talk WebGirondins<\/a><\/p>\n<p>  COMMENTAIRES<br \/>\n  ()<\/p>\n","protected":false},"excerpt":{"rendered":"30\/06 &#8211; 20:31 | Par Nicolas Pietrelli | Il y a 1 heure Les Girondins de Bordeaux ont&hellip;\n","protected":false},"author":2,"featured_media":1034966,"comment_status":"","ping_status":"","sticky":false,"template":"","format":"standard","meta":{"footnotes":"","_share_on_mastodon":"0"},"categories":[2817],"tags":[1111,11,1997,5244,39250,1446,17227,19747,1777,674,8644,3660,1011,27,1987,15287,47204,84961,43926,53664,12,2219,4615,5491,25],"class_list":["post-1034965","post","type-post","status-publish","format-standard","has-post-thumbnail","category-bordeaux","tag-actu","tag-actualites","tag-bordeaux","tag-club","tag-competitions","tag-dans","tag-decision","tag-dncg","tag-eu","tag-europe","tag-exclu","tag-exclus","tag-fr","tag-france","tag-girondins","tag-historique","tag-immense","tag-incertitude","tag-maintenant","tag-nationales","tag-news","tag-nouvelle-aquitaine","tag-passer","tag-plonge","tag-republique-francaise"],"share_on_mastodon":{"url":"https:\/\/pubeurope.com\/@fr\/116840777009437180","error":""},"_links":{"self":[{"href":"https:\/\/www.europesays.com\/fr\/wp-json\/wp\/v2\/posts\/1034965","targetHints":{"allow":["GET"]}}],"collection":[{"href":"https:\/\/www.europesays.com\/fr\/wp-json\/wp\/v2\/posts"}],"about":[{"href":"https:\/\/www.europesays.com\/fr\/wp-json\/wp\/v2\/types\/post"}],"author":[{"embeddable":true,"href":"https:\/\/www.europesays.com\/fr\/wp-json\/wp\/v2\/users\/2"}],"replies":[{"embeddable":true,"href":"https:\/\/www.europesays.com\/fr\/wp-json\/wp\/v2\/comments?post=1034965"}],"version-history":[{"count":0,"href":"https:\/\/www.europesays.com\/fr\/wp-json\/wp\/v2\/posts\/1034965\/revisions"}],"wp:featuredmedia":[{"embeddable":true,"href":"https:\/\/www.europesays.com\/fr\/wp-json\/wp\/v2\/media\/1034966"}],"wp:attachment":[{"href":"https:\/\/www.europesays.com\/fr\/wp-json\/wp\/v2\/media?parent=1034965"}],"wp:term":[{"taxonomy":"category","embeddable":true,"href":"https:\/\/www.europesays.com\/fr\/wp-json\/wp\/v2\/categories?post=1034965"},{"taxonomy":"post_tag","embeddable":true,"href":"https:\/\/www.europesays.com\/fr\/wp-json\/wp\/v2\/tags?post=1034965"}],"curies":[{"name":"wp","href":"https:\/\/api.w.org\/{rel}","templated":true}]}}