{"id":103511,"date":"2025-05-16T03:55:14","date_gmt":"2025-05-16T03:55:14","guid":{"rendered":"https:\/\/www.europesays.com\/fr\/103511\/"},"modified":"2025-05-16T03:55:14","modified_gmt":"2025-05-16T03:55:14","slug":"motogp-voici-le-programme-tv-du-gp-de-france-2025","status":"publish","type":"post","link":"https:\/\/www.europesays.com\/fr\/103511\/","title":{"rendered":"MotoGP :\u00a0voici le programme TV du GP de France 2025\u00a0"},"content":{"rendered":"<p itemprop=\"description\">Ici, vous retrouverez le programme TV complet pour le Grand Prix de France 2025 en MotoGP, Moto 2, Moto 3 et MotoE.\u00a0<\/p>\n<p dir=\"auto\">\u00c7a y est, nous y sommes ! Ce week-end, c\u2019est l\u2019heure du <strong>Grand Prix de France MotoGP<\/strong>. L\u2019occasion pour les passionn\u00e9s de deux-roues et de sport m\u00e9canique de se donner rendez-vous <strong>sur le circuit Bugatti<\/strong>, au Mans.<\/p>\n<p dir=\"auto\">Un week-end qui s\u2019annonce d\u00e9j\u00e0 <strong>spectaculaire,<\/strong> tant l\u2019engouement autour de cette course est pr\u00e9sent chaque ann\u00e9e. Preuve en est : l\u2019ann\u00e9e derni\u00e8re, <strong>le <a href=\"https:\/\/www.autoplus.fr\/deux-roues\/deux-roues-autoroutes-gratuites-ce-week-end-1378581.html\" target=\"_blank\" rel=\"noopener nofollow\">record d\u2019affluence<\/a> sur un week-end de course de MotoGP a \u00e9t\u00e9 battu<\/strong>. Au total, <strong>297 471 spectateurs<\/strong> s\u2019\u00e9taient r\u00e9unis sur les trois jours de l\u2019\u00e9v\u00e9nement. \u00c0 voir si cette ann\u00e9e, le record sera de nouveau battu !<\/p>\n<p dir=\"auto\">Une chose est s\u00fbre : nous devrions avoir du spectacle <a href=\"https:\/\/www.autoplus.fr\/actualite\/pont-du-8-mai-a-quelle-heure-faut-il-partir-pour-eviter-les-bouchons-1378304.html\" target=\"_blank\" rel=\"noopener nofollow\">ce week-end<\/a> en piste, notamment du c\u00f4t\u00e9 de nos pilotes fran\u00e7ais. Dans le dur depuis des dizaines de courses avec sa Yamaha, <strong>Fabio Quartararo a r\u00e9ussi \u00e0 d\u00e9crocher la pole position<\/strong> et une deuxi\u00e8me place lors de la course du dimanche, au dernier Grand Prix, lors du GP d\u2019Espagne <strong>sur le circuit de Jerez<\/strong>.<\/p>\n<p dir=\"auto\">Assisterons-nous \u00e9galement, une nouvelle fois, \u00e0 <strong>une bataille fratricide<\/strong> entre Marc et Alex M\u00e1rquez ? Si Marc semble \u00eatre le plus rapide en ce d\u00e9but de saison sur la Ducati officielle, c\u2019est Alex qui a r\u00e9ussi, sur le circuit de Jerez, chez lui, \u00e0 d\u00e9crocher sa premi\u00e8re victoire dans la cat\u00e9gorie MotoGP. Est-ce que cela va lui donner les ressources pour d\u00e9crocher une nouvelle fois la palme en France, ou est-ce que Marc reprendra l\u2019avantage face \u00e0 son fr\u00e8re ? <strong>R\u00e9ponse ce week-end !<\/strong><\/p>\n<p> Programme TV complet du GP de France <\/p>\n<p dir=\"auto\">Comme toujours, c\u2019est sur <strong>les cha\u00eenes du groupe Canal<\/strong> que vous pourrez suivre tout ce week-end de course moto <a href=\"https:\/\/www.autoplus.fr\/actualite\/insolite\/combien-de-modeles-de-voitures-differents-existent-ils-en-france-1378747.html\" target=\"_blank\" rel=\"noopener nofollow\">en France<\/a>. Sachez \u00e9galement que demain, jeudi 8 mai, l\u2019\u00e9mission \u00ab En Pole \u00bb sera diffus\u00e9e depuis le circuit du Mans, avec du public et en clair sur Canal+ ! Une bonne occasion <strong>de se mettre dans le bain<\/strong> avant le week-end !<\/p>\n<p><strong>Vendredi 9 mai 2025<\/strong>\u00a0<\/p>\n<ul>\n<li data-leveltext=\"\uf0b7\" data-font=\"Symbol\" data-listid=\"34\" data-list-defn-props=\"{\" aria-setsize=\"-1\" data-aria-posinset=\"1\" data-aria-level=\"1\">Essais Libres 1 MotoE \u00e0 <strong>08 h 30 \u00a0<\/strong><\/li>\n<li data-leveltext=\"\uf0b7\" data-font=\"Symbol\" data-listid=\"34\" data-list-defn-props=\"{\" aria-setsize=\"-1\" data-aria-posinset=\"1\" data-aria-level=\"1\">Essais Libres 1 Moto3 \u00e0 <strong>09 h 00 <\/strong>\u00a0<\/li>\n<li data-leveltext=\"\uf0b7\" data-font=\"Symbol\" data-listid=\"34\" data-list-defn-props=\"{\" aria-setsize=\"-1\" data-aria-posinset=\"1\" data-aria-level=\"1\">Essais Libres 1 Moto2 \u00e0 <strong>09 h 50  \u00a0<\/strong><\/li>\n<li data-leveltext=\"\uf0b7\" data-font=\"Symbol\" data-listid=\"34\" data-list-defn-props=\"{\" aria-setsize=\"-1\" data-aria-posinset=\"1\" data-aria-level=\"1\">Essais Libres 1 MotoGP \u00e0 <strong>10 h 45 \u00a0<\/strong><\/li>\n<li data-leveltext=\"\uf0b7\" data-font=\"Symbol\" data-listid=\"34\" data-list-defn-props=\"{\" aria-setsize=\"-1\" data-aria-posinset=\"1\" data-aria-level=\"1\">Essais Libres 2 MotoE \u00e0 <strong>12 h 35<\/strong> \u00a0<\/li>\n<li data-leveltext=\"\uf0b7\" data-font=\"Symbol\" data-listid=\"34\" data-list-defn-props=\"{\" aria-setsize=\"-1\" data-aria-posinset=\"1\" data-aria-level=\"1\">Essais Libres 2 Moto3 \u00e0 <strong>13 h 15  \u00a0<\/strong><\/li>\n<li data-leveltext=\"\uf0b7\" data-font=\"Symbol\" data-listid=\"34\" data-list-defn-props=\"{\" aria-setsize=\"-1\" data-aria-posinset=\"1\" data-aria-level=\"1\">Essais Libres 2 Moto2 \u00e0<strong> 14 h 05 <\/strong>\u00a0<\/li>\n<li data-leveltext=\"\uf0b7\" data-font=\"Symbol\" data-listid=\"34\" data-list-defn-props=\"{\" aria-setsize=\"-1\" data-aria-posinset=\"1\" data-aria-level=\"1\">Essais Libres 2 MotoGP \u00e0 <strong>15 h 00 <\/strong>\u00a0<\/li>\n<li data-leveltext=\"\uf0b7\" data-font=\"Symbol\" data-listid=\"34\" data-list-defn-props=\"{\" aria-setsize=\"-1\" data-aria-posinset=\"1\" data-aria-level=\"1\">Qualifications MotoE \u00e0 <strong>17 h 00 \u00a0<\/strong><\/li>\n<\/ul>\n<p><strong>Samedi 10 mai 2025<\/strong>\u00a0<\/p>\n<ul>\n<li data-leveltext=\"\uf0b7\" data-font=\"Symbol\" data-listid=\"32\" data-list-defn-props=\"{\" aria-setsize=\"-1\" data-aria-posinset=\"1\" data-aria-level=\"1\">Essais Libres 2 Moto3 \u00e0 <strong>08 h 40<\/strong>\u00a0<\/li>\n<li data-leveltext=\"\uf0b7\" data-font=\"Symbol\" data-listid=\"32\" data-list-defn-props=\"{\" aria-setsize=\"-1\" data-aria-posinset=\"1\" data-aria-level=\"1\">Essais Libres 2 Moto2 \u00e0 <strong>09 h 25<\/strong>\u00a0<\/li>\n<li data-leveltext=\"\uf0b7\" data-font=\"Symbol\" data-listid=\"32\" data-list-defn-props=\"{\" aria-setsize=\"-1\" data-aria-posinset=\"1\" data-aria-level=\"1\">Essais Libres 2 MotoGP \u00e0 <strong>10 h 10 \u00a0<\/strong><\/li>\n<li data-leveltext=\"\uf0b7\" data-font=\"Symbol\" data-listid=\"32\" data-list-defn-props=\"{\" aria-setsize=\"-1\" data-aria-posinset=\"1\" data-aria-level=\"1\">Qualifications 1 MotoGP \u00e0 <strong>10 h 50 \u00a0<\/strong><\/li>\n<li data-leveltext=\"\uf0b7\" data-font=\"Symbol\" data-listid=\"32\" data-list-defn-props=\"{\" aria-setsize=\"-1\" data-aria-posinset=\"1\" data-aria-level=\"1\">Course 1 MotoE (8 tours) \u00e0 <strong>12 h 15 \u00a0<\/strong><\/li>\n<li data-leveltext=\"\uf0b7\" data-font=\"Symbol\" data-listid=\"32\" data-list-defn-props=\"{\" aria-setsize=\"-1\" data-aria-posinset=\"1\" data-aria-level=\"1\">Qualifications 1 Moto3 \u00e0 <strong>12 h 50 \u00a0<\/strong><\/li>\n<li data-leveltext=\"\uf0b7\" data-font=\"Symbol\" data-listid=\"32\" data-list-defn-props=\"{\" aria-setsize=\"-1\" data-aria-posinset=\"1\" data-aria-level=\"1\">Qualifications 1 Moto2 \u00e0 <strong>13 h 45 \u00a0<\/strong><\/li>\n<li data-leveltext=\"\uf0b7\" data-font=\"Symbol\" data-listid=\"32\" data-list-defn-props=\"{\" aria-setsize=\"-1\" data-aria-posinset=\"1\" data-aria-level=\"1\">Course Sprint MotoGP (13 tours) \u00e0 <strong>15 h 00 <\/strong><\/li>\n<li data-leveltext=\"\uf0b7\" data-font=\"Symbol\" data-listid=\"32\" data-list-defn-props=\"{\" aria-setsize=\"-1\" data-aria-posinset=\"1\" data-aria-level=\"1\">Course 2 MotoE (8 tours) \u00e0 <strong>16 h 10 \u00a0<\/strong><\/li>\n<\/ul>\n<p><strong>Dimanche 11 mai 2025<\/strong>\u00a0<\/p>\n<ul>\n<li data-leveltext=\"\uf0b7\" data-font=\"Symbol\" data-listid=\"35\" data-list-defn-props=\"{\" aria-setsize=\"-1\" data-aria-posinset=\"1\" data-aria-level=\"1\">Warm Up MotoGP \u00e0 <strong>09 h 40 \u00a0<\/strong><\/li>\n<li data-leveltext=\"\uf0b7\" data-font=\"Symbol\" data-listid=\"35\" data-list-defn-props=\"{\" aria-setsize=\"-1\" data-aria-posinset=\"1\" data-aria-level=\"1\">Course Moto3 (20 tours) \u00e0 <strong>11 h 00 \u00a0<\/strong><\/li>\n<li data-leveltext=\"\uf0b7\" data-font=\"Symbol\" data-listid=\"35\" data-list-defn-props=\"{\" aria-setsize=\"-1\" data-aria-posinset=\"1\" data-aria-level=\"1\">Course Moto2 (22 tours) \u00e0 <strong>12 h 15 \u00a0<\/strong><\/li>\n<li data-leveltext=\"\uf0b7\" data-font=\"Symbol\" data-listid=\"35\" data-list-defn-props=\"{\" aria-setsize=\"-1\" data-aria-posinset=\"1\" data-aria-level=\"1\">Course MotoGP (27 tours) \u00e0<strong> 14 h 00 \u00a0<\/strong><\/li>\n<\/ul>\n","protected":false},"excerpt":{"rendered":"Ici, vous retrouverez le programme TV complet pour le Grand Prix de France 2025 en MotoGP, Moto 2,&hellip;\n","protected":false},"author":2,"featured_media":103512,"comment_status":"","ping_status":"","sticky":false,"template":"","format":"standard","meta":{"footnotes":""},"categories":[1413],"tags":[1011,27,1638,1457,1456,60],"class_list":{"0":"post-103511","1":"post","2":"type-post","3":"status-publish","4":"format-standard","5":"has-post-thumbnail","7":"category-moto","8":"tag-fr","9":"tag-france","10":"tag-has_diapo","11":"tag-moto","12":"tag-motocycle","13":"tag-sports"},"share_on_mastodon":{"url":"https:\/\/pubeurope.com\/@fr\/114515497672473600","error":""},"_links":{"self":[{"href":"https:\/\/www.europesays.com\/fr\/wp-json\/wp\/v2\/posts\/103511","targetHints":{"allow":["GET"]}}],"collection":[{"href":"https:\/\/www.europesays.com\/fr\/wp-json\/wp\/v2\/posts"}],"about":[{"href":"https:\/\/www.europesays.com\/fr\/wp-json\/wp\/v2\/types\/post"}],"author":[{"embeddable":true,"href":"https:\/\/www.europesays.com\/fr\/wp-json\/wp\/v2\/users\/2"}],"replies":[{"embeddable":true,"href":"https:\/\/www.europesays.com\/fr\/wp-json\/wp\/v2\/comments?post=103511"}],"version-history":[{"count":0,"href":"https:\/\/www.europesays.com\/fr\/wp-json\/wp\/v2\/posts\/103511\/revisions"}],"wp:featuredmedia":[{"embeddable":true,"href":"https:\/\/www.europesays.com\/fr\/wp-json\/wp\/v2\/media\/103512"}],"wp:attachment":[{"href":"https:\/\/www.europesays.com\/fr\/wp-json\/wp\/v2\/media?parent=103511"}],"wp:term":[{"taxonomy":"category","embeddable":true,"href":"https:\/\/www.europesays.com\/fr\/wp-json\/wp\/v2\/categories?post=103511"},{"taxonomy":"post_tag","embeddable":true,"href":"https:\/\/www.europesays.com\/fr\/wp-json\/wp\/v2\/tags?post=103511"}],"curies":[{"name":"wp","href":"https:\/\/api.w.org\/{rel}","templated":true}]}}