{"id":103517,"date":"2025-05-16T03:59:10","date_gmt":"2025-05-16T03:59:10","guid":{"rendered":"https:\/\/www.europesays.com\/fr\/103517\/"},"modified":"2025-05-16T03:59:10","modified_gmt":"2025-05-16T03:59:10","slug":"clara-luciani-se-confie-sur-lacceptation-de-sa-maladie-neurologique-le-tremblement-essentiel","status":"publish","type":"post","link":"https:\/\/www.europesays.com\/fr\/103517\/","title":{"rendered":"Clara Luciani se confie sur l\u2019acceptation de sa maladie neurologique, le tremblement essentiel"},"content":{"rendered":"<p>        <img decoding=\"async\" loading=\"lazy\" src=\"https:\/\/www.europesays.com\/fr\/wp-content\/uploads\/2025\/05\/598cd36_1734616065663-000-36qb6bv.jpg\"  width=\"728\" height=\"409\" alt=\"Dor\u00e9navant, Clara Luciani assume ses tremblements, ce qui l\u2019aide \u00e0 moins trembler.\"\/>  <\/p>\n<p>VALERY HACHE \/ AFP<\/p>\n<p>Dor\u00e9navant, Clara Luciani assume ses tremblements, ce qui l\u2019aide \u00e0 moins trembler.<\/p>\n<p class=\"asset asset-text\">PEOPLE &#8211; La quadruple laur\u00e9ate des <a href=\"https:\/\/www.huffingtonpost.fr\/culture\/video\/victoires-de-la-musique-2025-le-palmares-et-les-meilleurs-moments-de-la-ceremonie_246233.html\" target=\"_blank\" rel=\"noopener\">Victoires de la musique<\/a> a \u00ab\u00a0d\u00e9cid\u00e9 de\u00a0vivre avec\u00a0\u00bb. Depuis des ann\u00e9es la chanteuse <a href=\"https:\/\/www.huffingtonpost.fr\/culture\/article\/clara-luciani-entre-au-musee-grevin-et-trouve-la-ressemblance-avec-sa-statue-de-cire-completement-cinglee_245801.html\" target=\"_blank\" rel=\"noopener\">Clara Luciani<\/a>, marraine de la derni\u00e8re saison de la <a href=\"https:\/\/www.huffingtonpost.fr\/divertissement\/article\/clara-luciani-dedicace-drole-d-epoque-a-marguerite-de-la-star-academy-en-plein-concert_243792.html\" target=\"_blank\" rel=\"noopener\">Star Academy<\/a>, souffre d\u2019une maladie neurologique\u00a0: le tremblement essentiel.<\/p>\n<p class=\"asset asset-text\">Si elle en a parl\u00e9 pour la premi\u00e8re fois dans un article de Parisien en 2019, elle ne s\u2019\u00e9panche que tr\u00e8s rarement sur le sujet. Dans de rares confessions, elle a expliqu\u00e9 ce mercredi 14\u00a0mai \u00e0 David Castello-Lopes dans l\u2019\u00e9mission Small Talk de Konbini qu\u2019elle \u00ab\u00a0tremble tout le temps\u00a0\u00bb. \u00ab\u00a0C\u2019est tr\u00e8s g\u00eanant parce qu\u2019il y a plein de situations dans ma vie o\u00f9 on m\u2019a mais dit \u201ctu as bu, t\u2019as pris des drogues, tu es intimid\u00e9e\u201d&#8230; et je n\u2019\u00e9tais rien de tout \u00e7a\u00a0\u00bb, raconte-t-elle.<\/p>\n<p class=\"asset asset-text\">\u00ab\u00a0Je sais ce qui accentue mes tremblements, c\u2019est la vraiment nervosit\u00e9 et le fait qu\u2019on puisse voir que je tremble, continue-t-elle dans l\u2019entretien, \u00e0 partir de 1\u00a0h\u00a007. Et c\u2019\u00e9tait tr\u00e8s compliqu\u00e9 pour mes premi\u00e8res t\u00e9l\u00e9s parce que je me disais\u00a0: \u201cLes gens vont se rendre compte que je tremble\u201d. Et au plus j\u2019y pensais, au plus je tremblais\u00a0\u00bb.<\/p>\n<p> La lecture de ce contenu est susceptible d\u2019entra\u00eener un d\u00e9p\u00f4t de cookies de la part de l\u2019op\u00e9rateur tiers qui l\u2019h\u00e9berge. Compte-tenu des choix que vous avez exprim\u00e9s en mati\u00e8re de d\u00e9p\u00f4t de cookies, nous avons bloqu\u00e9 l\u2019affichage de ce contenu. Si vous souhaitez y acc\u00e9der, vous devez accepter la cat\u00e9gorie de cookies \u201cContenus tiers\u201d en cliquant sur le bouton ci-dessous. <\/p>\n<p> Lire la Vid\u00e9o              \u00ab\u00a0Je tremble beaucoup moins\u00a0\u00bb    <\/p>\n<p class=\"asset asset-text\">\u00ab\u00a0Au d\u00e9but, quand je faisais des concerts je prenais des b\u00eata-bloquants\u00a0mais c\u2019est quand m\u00eame un truc qui ralentit ton rythme cardiaque\u00a0\u00bb, pr\u00e9cise la chanteuse, dont la situation \u00ab\u00a0ne va pas s\u2019arranger avec les ann\u00e9es\u00a0\u00bb.<\/p>\n<p class=\"asset asset-text\">\u00ab\u00a0Avant j\u2019avais tellement peur qu\u2019on voie que je tremble que je tenais deux bouts du fil (du micro) pour avoir l\u2019air plus stable\u00a0\u00bb, avoue-t-elle. Mais aujourd\u2019hui, elle dit avoir \u00ab\u00a0d\u00e9cid\u00e9 de\u00a0vivre avec\u00a0\u00bb et affirme s\u2019\u00eatre lib\u00e9r\u00e9e du regard des autres. \u00ab\u00a0Je suis capable d\u2019aller sur sc\u00e8ne avec un micro sans fil. Le fait de m\u2019\u00eatre d\u00e9gag\u00e9e de tout \u00e7a, j\u2019ai l\u2019impression que je tremble beaucoup moins sur sc\u00e8ne\u00a0\u00bb, se r\u00e9jouit-elle.<\/p>\n<p class=\"asset asset-text\">Si l\u2019interpr\u00e8te de La Grenade reste parfois g\u00ean\u00e9e par ces tremblements, comme lorsqu\u2019elle a dessin\u00e9 les d\u00e9cors de sa premi\u00e8re tourn\u00e9e et qu\u2019elle s\u2019est aper\u00e7ue que ses traits n\u2019\u00e9taient pas droits. Elle essaie malgr\u00e9 tout de prendre sa maladie avec philosophie. \u00ab\u00a0Tremblement essentiel \u00e7a fait un truc un peu gothique, \u00e7a pourrait \u00eatre un album d\u2019Evanescence (groupe de m\u00e9tal alternatif des ann\u00e9es 2000, ndlr)\u00a0\u00bb, ironise-t-elle pour conclure.<\/p>\n<p class=\"asset asset-text\"><strong>\u00c0 voir \u00e9galement sur\u00a0Le HuffPost\u00a0:<\/strong><\/p>\n<p> La lecture de ce contenu est susceptible d\u2019entra\u00eener un d\u00e9p\u00f4t de cookies de la part de l\u2019op\u00e9rateur tiers qui l\u2019h\u00e9berge. Compte-tenu des choix que vous avez exprim\u00e9s en mati\u00e8re de d\u00e9p\u00f4t de cookies, nous avons bloqu\u00e9 l\u2019affichage de ce contenu. Si vous souhaitez y acc\u00e9der, vous devez accepter la cat\u00e9gorie de cookies \u201cContenus tiers\u201d en cliquant sur le bouton ci-dessous. <\/p>\n<p> Lire la Vid\u00e9o                <\/p>\n","protected":false},"excerpt":{"rendered":"VALERY HACHE \/ AFP Dor\u00e9navant, Clara Luciani assume ses tremblements, ce qui l\u2019aide \u00e0 moins trembler. PEOPLE &#8211;&hellip;\n","protected":false},"author":2,"featured_media":103518,"comment_status":"","ping_status":"","sticky":false,"template":"","format":"standard","meta":{"footnotes":""},"categories":[1359],"tags":[22007,251,58,59,1011,27,973],"class_list":{"0":"post-103517","1":"post","2":"type-post","3":"status-publish","4":"format-standard","5":"has-post-thumbnail","7":"category-people","8":"tag-clara-luciani","9":"tag-culture","10":"tag-divertissement","11":"tag-entertainment","12":"tag-fr","13":"tag-france","14":"tag-people"},"share_on_mastodon":{"url":"https:\/\/pubeurope.com\/@fr\/114515513604667076","error":""},"_links":{"self":[{"href":"https:\/\/www.europesays.com\/fr\/wp-json\/wp\/v2\/posts\/103517","targetHints":{"allow":["GET"]}}],"collection":[{"href":"https:\/\/www.europesays.com\/fr\/wp-json\/wp\/v2\/posts"}],"about":[{"href":"https:\/\/www.europesays.com\/fr\/wp-json\/wp\/v2\/types\/post"}],"author":[{"embeddable":true,"href":"https:\/\/www.europesays.com\/fr\/wp-json\/wp\/v2\/users\/2"}],"replies":[{"embeddable":true,"href":"https:\/\/www.europesays.com\/fr\/wp-json\/wp\/v2\/comments?post=103517"}],"version-history":[{"count":0,"href":"https:\/\/www.europesays.com\/fr\/wp-json\/wp\/v2\/posts\/103517\/revisions"}],"wp:featuredmedia":[{"embeddable":true,"href":"https:\/\/www.europesays.com\/fr\/wp-json\/wp\/v2\/media\/103518"}],"wp:attachment":[{"href":"https:\/\/www.europesays.com\/fr\/wp-json\/wp\/v2\/media?parent=103517"}],"wp:term":[{"taxonomy":"category","embeddable":true,"href":"https:\/\/www.europesays.com\/fr\/wp-json\/wp\/v2\/categories?post=103517"},{"taxonomy":"post_tag","embeddable":true,"href":"https:\/\/www.europesays.com\/fr\/wp-json\/wp\/v2\/tags?post=103517"}],"curies":[{"name":"wp","href":"https:\/\/api.w.org\/{rel}","templated":true}]}}